
{"id":3849,"date":"2024-08-02T14:25:00","date_gmt":"2024-08-02T18:25:00","guid":{"rendered":"https:\/\/pjcanindeyu.gov.py\/?p=3849"},"modified":"2024-08-05T09:27:41","modified_gmt":"2024-08-05T13:27:41","slug":"jornadas-de-capacitacion-de-miembros-enlaces-de-cooperacion-internacional","status":"publish","type":"post","link":"https:\/\/pjcanindeyu.gov.py\/?p=3849","title":{"rendered":"Jornadas de capacitaci\u00f3n de miembros enlaces de Cooperaci\u00f3n Internacional"},"content":{"rendered":"\n<p>En la jornada, con presencia del presidente de la Corte Suprema de Justicia, Dr. Lu\u00eds Mar\u00eda Ben\u00edtez Riera culminaron las jornadas de capacitaci\u00f3n para los funcionarios enlaces de la Direcci\u00f3n de Cooperaci\u00f3n y Asistencia Judicial Internacional. La Abg. M\u00f3nica Llano, Actuaria Judicial de segunda instancia, miembro enlace de la Circunscripci\u00f3n Judicial de Canindey\u00fa ha participado de la importante actividad institucional.<\/p>\n\n\n\n<figure class=\"wp-block-gallery has-nested-images columns-5 is-cropped galeria wp-block-gallery-1 is-layout-flex wp-block-gallery-is-layout-flex\">\n<figure class=\"wp-block-image size-large\"><img loading=\"lazy\" decoding=\"async\" width=\"1024\" height=\"682\" data-id=\"3850\" src=\"https:\/\/pjcanindeyu.gov.py\/wp-content\/uploads\/2024\/08\/Enlaces-1-1024x682.jpg\" alt=\"\" class=\"wp-image-3850\" srcset=\"https:\/\/pjcanindeyu.gov.py\/wp-content\/uploads\/2024\/08\/Enlaces-1-1024x682.jpg 1024w, https:\/\/pjcanindeyu.gov.py\/wp-content\/uploads\/2024\/08\/Enlaces-1-300x200.jpg 300w, https:\/\/pjcanindeyu.gov.py\/wp-content\/uploads\/2024\/08\/Enlaces-1-768x512.jpg 768w, https:\/\/pjcanindeyu.gov.py\/wp-content\/uploads\/2024\/08\/Enlaces-1-1536x1023.jpg 1536w, https:\/\/pjcanindeyu.gov.py\/wp-content\/uploads\/2024\/08\/Enlaces-1.jpg 1600w\" sizes=\"auto, (max-width: 1024px) 100vw, 1024px\" \/><\/figure>\n\n\n\n<figure class=\"wp-block-image size-large\"><img loading=\"lazy\" decoding=\"async\" width=\"935\" height=\"1024\" data-id=\"3851\" src=\"https:\/\/pjcanindeyu.gov.py\/wp-content\/uploads\/2024\/08\/Enlaces-2-935x1024.jpg\" alt=\"\" class=\"wp-image-3851\" srcset=\"https:\/\/pjcanindeyu.gov.py\/wp-content\/uploads\/2024\/08\/Enlaces-2-935x1024.jpg 935w, https:\/\/pjcanindeyu.gov.py\/wp-content\/uploads\/2024\/08\/Enlaces-2-274x300.jpg 274w, https:\/\/pjcanindeyu.gov.py\/wp-content\/uploads\/2024\/08\/Enlaces-2-768x841.jpg 768w, https:\/\/pjcanindeyu.gov.py\/wp-content\/uploads\/2024\/08\/Enlaces-2.jpg 1006w\" sizes=\"auto, (max-width: 935px) 100vw, 935px\" \/><\/figure>\n\n\n\n<figure class=\"wp-block-image size-large\"><img loading=\"lazy\" decoding=\"async\" width=\"1024\" height=\"682\" data-id=\"3852\" src=\"https:\/\/pjcanindeyu.gov.py\/wp-content\/uploads\/2024\/08\/Enlaces-3-1024x682.jpg\" alt=\"\" class=\"wp-image-3852\" srcset=\"https:\/\/pjcanindeyu.gov.py\/wp-content\/uploads\/2024\/08\/Enlaces-3-1024x682.jpg 1024w, https:\/\/pjcanindeyu.gov.py\/wp-content\/uploads\/2024\/08\/Enlaces-3-300x200.jpg 300w, https:\/\/pjcanindeyu.gov.py\/wp-content\/uploads\/2024\/08\/Enlaces-3-768x512.jpg 768w, https:\/\/pjcanindeyu.gov.py\/wp-content\/uploads\/2024\/08\/Enlaces-3-1536x1023.jpg 1536w, https:\/\/pjcanindeyu.gov.py\/wp-content\/uploads\/2024\/08\/Enlaces-3.jpg 1600w\" sizes=\"auto, (max-width: 1024px) 100vw, 1024px\" \/><\/figure>\n\n\n\n<figure class=\"wp-block-image size-large\"><img loading=\"lazy\" decoding=\"async\" width=\"1024\" height=\"682\" data-id=\"3854\" src=\"https:\/\/pjcanindeyu.gov.py\/wp-content\/uploads\/2024\/08\/Enlaces-4-1024x682.jpg\" alt=\"\" class=\"wp-image-3854\" srcset=\"https:\/\/pjcanindeyu.gov.py\/wp-content\/uploads\/2024\/08\/Enlaces-4-1024x682.jpg 1024w, https:\/\/pjcanindeyu.gov.py\/wp-content\/uploads\/2024\/08\/Enlaces-4-300x200.jpg 300w, https:\/\/pjcanindeyu.gov.py\/wp-content\/uploads\/2024\/08\/Enlaces-4-768x512.jpg 768w, https:\/\/pjcanindeyu.gov.py\/wp-content\/uploads\/2024\/08\/Enlaces-4-1536x1023.jpg 1536w, https:\/\/pjcanindeyu.gov.py\/wp-content\/uploads\/2024\/08\/Enlaces-4.jpg 1600w\" sizes=\"auto, (max-width: 1024px) 100vw, 1024px\" \/><\/figure>\n\n\n\n<figure class=\"wp-block-image size-large\"><img loading=\"lazy\" decoding=\"async\" width=\"1024\" height=\"682\" data-id=\"3855\" src=\"https:\/\/pjcanindeyu.gov.py\/wp-content\/uploads\/2024\/08\/Enlaces-6-1024x682.jpg\" alt=\"\" class=\"wp-image-3855\" srcset=\"https:\/\/pjcanindeyu.gov.py\/wp-content\/uploads\/2024\/08\/Enlaces-6-1024x682.jpg 1024w, https:\/\/pjcanindeyu.gov.py\/wp-content\/uploads\/2024\/08\/Enlaces-6-300x200.jpg 300w, https:\/\/pjcanindeyu.gov.py\/wp-content\/uploads\/2024\/08\/Enlaces-6-768x512.jpg 768w, https:\/\/pjcanindeyu.gov.py\/wp-content\/uploads\/2024\/08\/Enlaces-6-1536x1023.jpg 1536w, https:\/\/pjcanindeyu.gov.py\/wp-content\/uploads\/2024\/08\/Enlaces-6.jpg 1600w\" sizes=\"auto, (max-width: 1024px) 100vw, 1024px\" \/><\/figure>\n\n\n\n<figure class=\"wp-block-image size-large\"><img loading=\"lazy\" decoding=\"async\" width=\"1024\" height=\"682\" data-id=\"3853\" src=\"https:\/\/pjcanindeyu.gov.py\/wp-content\/uploads\/2024\/08\/Enlaces-5-1024x682.jpg\" alt=\"\" class=\"wp-image-3853\" srcset=\"https:\/\/pjcanindeyu.gov.py\/wp-content\/uploads\/2024\/08\/Enlaces-5-1024x682.jpg 1024w, https:\/\/pjcanindeyu.gov.py\/wp-content\/uploads\/2024\/08\/Enlaces-5-300x200.jpg 300w, https:\/\/pjcanindeyu.gov.py\/wp-content\/uploads\/2024\/08\/Enlaces-5-768x512.jpg 768w, https:\/\/pjcanindeyu.gov.py\/wp-content\/uploads\/2024\/08\/Enlaces-5-1536x1023.jpg 1536w, https:\/\/pjcanindeyu.gov.py\/wp-content\/uploads\/2024\/08\/Enlaces-5.jpg 1600w\" sizes=\"auto, (max-width: 1024px) 100vw, 1024px\" \/><\/figure>\n<\/figure>\n\n\n\n<p>La capacitaci\u00f3n se desarroll\u00f3 en el Palacio de Justicia de Asunci\u00f3n con el objetivo de fortalecer los puntos de enlace en las distintas circunscripciones judiciales del pa\u00eds y conocer la formalidad de las tramitaciones utilizadas para lograr un trabajo m\u00e1s eficiente en la administraci\u00f3n de justicia internacional.<\/p>\n\n\n\n<p>La Direcci\u00f3n de Cooperaci\u00f3n y Asistencia Judicial Internacional tiene la misi\u00f3n de fortalecer la presencia de la Corte Suprema en el \u00e1mbito internacional. Promueve relaciones de apoyo con grupos de los sectores p\u00fablico y privado, as\u00ed como con organizaciones internacionales y poderes judiciales extranjeros. Tambi\u00e9n colabora con colegios de abogados y escribanos de otros pa\u00edses en asuntos de cooperaci\u00f3n t\u00e9cnica y judicial.<\/p>\n","protected":false},"excerpt":{"rendered":"<p>En la jornada, con presencia del presidente de la Corte Suprema de Justicia, Dr. Lu\u00eds Mar\u00eda Ben\u00edtez Riera culminaron las jornadas de capacitaci\u00f3n para los funcionarios enlaces de la Direcci\u00f3n de Cooperaci\u00f3n y Asistencia Judicial Internacional. La Abg. M\u00f3nica Llano, Actuaria Judicial de segunda instancia, miembro enlace de la Circunscripci\u00f3n [&hellip;]<\/p>\n","protected":false},"author":1,"featured_media":3854,"comment_status":"open","ping_status":"closed","sticky":false,"template":"","format":"standard","meta":{"footnotes":""},"categories":[2],"tags":[],"class_list":["post-3849","post","type-post","status-publish","format-standard","has-post-thumbnail","hentry","category-notas"],"_links":{"self":[{"href":"https:\/\/pjcanindeyu.gov.py\/index.php?rest_route=\/wp\/v2\/posts\/3849","targetHints":{"allow":["GET"]}}],"collection":[{"href":"https:\/\/pjcanindeyu.gov.py\/index.php?rest_route=\/wp\/v2\/posts"}],"about":[{"href":"https:\/\/pjcanindeyu.gov.py\/index.php?rest_route=\/wp\/v2\/types\/post"}],"author":[{"embeddable":true,"href":"https:\/\/pjcanindeyu.gov.py\/index.php?rest_route=\/wp\/v2\/users\/1"}],"replies":[{"embeddable":true,"href":"https:\/\/pjcanindeyu.gov.py\/index.php?rest_route=%2Fwp%2Fv2%2Fcomments&post=3849"}],"version-history":[{"count":1,"href":"https:\/\/pjcanindeyu.gov.py\/index.php?rest_route=\/wp\/v2\/posts\/3849\/revisions"}],"predecessor-version":[{"id":3856,"href":"https:\/\/pjcanindeyu.gov.py\/index.php?rest_route=\/wp\/v2\/posts\/3849\/revisions\/3856"}],"wp:featuredmedia":[{"embeddable":true,"href":"https:\/\/pjcanindeyu.gov.py\/index.php?rest_route=\/wp\/v2\/media\/3854"}],"wp:attachment":[{"href":"https:\/\/pjcanindeyu.gov.py\/index.php?rest_route=%2Fwp%2Fv2%2Fmedia&parent=3849"}],"wp:term":[{"taxonomy":"category","embeddable":true,"href":"https:\/\/pjcanindeyu.gov.py\/index.php?rest_route=%2Fwp%2Fv2%2Fcategories&post=3849"},{"taxonomy":"post_tag","embeddable":true,"href":"https:\/\/pjcanindeyu.gov.py\/index.php?rest_route=%2Fwp%2Fv2%2Ftags&post=3849"}],"curies":[{"name":"wp","href":"https:\/\/api.w.org\/{rel}","templated":true}]}}