
{"id":3857,"date":"2024-08-05T10:29:02","date_gmt":"2024-08-05T14:29:02","guid":{"rendered":"https:\/\/pjcanindeyu.gov.py\/?p=3857"},"modified":"2024-08-05T10:29:02","modified_gmt":"2024-08-05T14:29:02","slug":"se-incorporan-funcionarios-a-la-circunscripcion-judicial-de-canindeyu","status":"publish","type":"post","link":"https:\/\/pjcanindeyu.gov.py\/?p=3857","title":{"rendered":"Se incorporan funcionarios a la Circunscripci\u00f3n Judicial de Canindey\u00fa"},"content":{"rendered":"\n<p>La Corte Suprema de Justicia ha aprobado el nombramiento y ascenso de funcionarios para la Circunscripci\u00f3n Judicial de Canindey\u00fa, mediante el Decreto N\u00b0 6542 del 31 de julio del cte. Estos nombramientos surgen de la aplicaci\u00f3n reglamentaria de la lista de elegibles emergentes del Concurso P\u00fablico de M\u00e9ritos y Oposici\u00f3n, 2023, llevado adelante en su oportunidad por la Direcci\u00f3n de Recursos Humanos de la Instituci\u00f3n.<\/p>\n\n\n\n<p>En la fecha, el presidente del Consejo de Administraci\u00f3n, Abg. Gustavo H. Br\u00edtez, dio la bienvenida a los nuevos funcionarios. Tambi\u00e9n motiv\u00f3 a los que han sido promovidos, destacando la importancia del trabajo que desempe\u00f1aran en las unidades judiciales afectadas, en post a la mejora del sistema de justicia, a beneficio de los usuarios.<\/p>\n\n\n\n<figure class=\"wp-block-gallery has-nested-images columns-4 is-cropped galeria wp-block-gallery-1 is-layout-flex wp-block-gallery-is-layout-flex\">\n<figure class=\"wp-block-image size-large\"><a href=\"https:\/\/pjcanindeyu.gov.py\/wp-content\/uploads\/2024\/08\/Araceli.png\"><img loading=\"lazy\" decoding=\"async\" width=\"768\" height=\"1024\" data-id=\"3858\" src=\"https:\/\/pjcanindeyu.gov.py\/wp-content\/uploads\/2024\/08\/Araceli.png\" alt=\"\" class=\"wp-image-3858\" srcset=\"https:\/\/pjcanindeyu.gov.py\/wp-content\/uploads\/2024\/08\/Araceli.png 768w, https:\/\/pjcanindeyu.gov.py\/wp-content\/uploads\/2024\/08\/Araceli-225x300.png 225w\" sizes=\"auto, (max-width: 768px) 100vw, 768px\" \/><\/a><\/figure>\n\n\n\n<figure class=\"wp-block-image size-large\"><a href=\"https:\/\/pjcanindeyu.gov.py\/wp-content\/uploads\/2024\/08\/Fernando.png\"><img loading=\"lazy\" decoding=\"async\" width=\"768\" height=\"1024\" data-id=\"3859\" src=\"https:\/\/pjcanindeyu.gov.py\/wp-content\/uploads\/2024\/08\/Fernando.png\" alt=\"\" class=\"wp-image-3859\" srcset=\"https:\/\/pjcanindeyu.gov.py\/wp-content\/uploads\/2024\/08\/Fernando.png 768w, https:\/\/pjcanindeyu.gov.py\/wp-content\/uploads\/2024\/08\/Fernando-225x300.png 225w\" sizes=\"auto, (max-width: 768px) 100vw, 768px\" \/><\/a><\/figure>\n\n\n\n<figure class=\"wp-block-image size-large\"><a href=\"https:\/\/pjcanindeyu.gov.py\/wp-content\/uploads\/2024\/08\/Hugo.png\"><img loading=\"lazy\" decoding=\"async\" width=\"768\" height=\"1024\" data-id=\"3862\" src=\"https:\/\/pjcanindeyu.gov.py\/wp-content\/uploads\/2024\/08\/Hugo.png\" alt=\"\" class=\"wp-image-3862\" srcset=\"https:\/\/pjcanindeyu.gov.py\/wp-content\/uploads\/2024\/08\/Hugo.png 768w, https:\/\/pjcanindeyu.gov.py\/wp-content\/uploads\/2024\/08\/Hugo-225x300.png 225w\" sizes=\"auto, (max-width: 768px) 100vw, 768px\" \/><\/a><\/figure>\n\n\n\n<figure class=\"wp-block-image size-large\"><a href=\"https:\/\/pjcanindeyu.gov.py\/wp-content\/uploads\/2024\/08\/Marisa.png\"><img loading=\"lazy\" decoding=\"async\" width=\"768\" height=\"1024\" data-id=\"3861\" src=\"https:\/\/pjcanindeyu.gov.py\/wp-content\/uploads\/2024\/08\/Marisa.png\" alt=\"\" class=\"wp-image-3861\" srcset=\"https:\/\/pjcanindeyu.gov.py\/wp-content\/uploads\/2024\/08\/Marisa.png 768w, https:\/\/pjcanindeyu.gov.py\/wp-content\/uploads\/2024\/08\/Marisa-225x300.png 225w\" sizes=\"auto, (max-width: 768px) 100vw, 768px\" \/><\/a><\/figure>\n\n\n\n<figure class=\"wp-block-image size-large\"><a href=\"https:\/\/pjcanindeyu.gov.py\/wp-content\/uploads\/2024\/08\/Reunion.jpeg\"><img loading=\"lazy\" decoding=\"async\" width=\"1024\" height=\"717\" data-id=\"3860\" src=\"https:\/\/pjcanindeyu.gov.py\/wp-content\/uploads\/2024\/08\/Reunion-1024x717.jpeg\" alt=\"\" class=\"wp-image-3860\" srcset=\"https:\/\/pjcanindeyu.gov.py\/wp-content\/uploads\/2024\/08\/Reunion-1024x717.jpeg 1024w, https:\/\/pjcanindeyu.gov.py\/wp-content\/uploads\/2024\/08\/Reunion-300x210.jpeg 300w, https:\/\/pjcanindeyu.gov.py\/wp-content\/uploads\/2024\/08\/Reunion-768x538.jpeg 768w, https:\/\/pjcanindeyu.gov.py\/wp-content\/uploads\/2024\/08\/Reunion.jpeg 1028w\" sizes=\"auto, (max-width: 1024px) 100vw, 1024px\" \/><\/a><\/figure>\n<\/figure>\n","protected":false},"excerpt":{"rendered":"<p>La Corte Suprema de Justicia ha aprobado el nombramiento y ascenso de funcionarios para la Circunscripci\u00f3n Judicial de Canindey\u00fa, mediante el Decreto N\u00b0 6542 del 31 de julio del cte. Estos nombramientos surgen de la aplicaci\u00f3n reglamentaria de la lista de elegibles emergentes del Concurso P\u00fablico de M\u00e9ritos y Oposici\u00f3n, [&hellip;]<\/p>\n","protected":false},"author":1,"featured_media":3860,"comment_status":"open","ping_status":"closed","sticky":false,"template":"","format":"standard","meta":{"footnotes":""},"categories":[2],"tags":[],"class_list":["post-3857","post","type-post","status-publish","format-standard","has-post-thumbnail","hentry","category-notas"],"_links":{"self":[{"href":"https:\/\/pjcanindeyu.gov.py\/index.php?rest_route=\/wp\/v2\/posts\/3857","targetHints":{"allow":["GET"]}}],"collection":[{"href":"https:\/\/pjcanindeyu.gov.py\/index.php?rest_route=\/wp\/v2\/posts"}],"about":[{"href":"https:\/\/pjcanindeyu.gov.py\/index.php?rest_route=\/wp\/v2\/types\/post"}],"author":[{"embeddable":true,"href":"https:\/\/pjcanindeyu.gov.py\/index.php?rest_route=\/wp\/v2\/users\/1"}],"replies":[{"embeddable":true,"href":"https:\/\/pjcanindeyu.gov.py\/index.php?rest_route=%2Fwp%2Fv2%2Fcomments&post=3857"}],"version-history":[{"count":1,"href":"https:\/\/pjcanindeyu.gov.py\/index.php?rest_route=\/wp\/v2\/posts\/3857\/revisions"}],"predecessor-version":[{"id":3863,"href":"https:\/\/pjcanindeyu.gov.py\/index.php?rest_route=\/wp\/v2\/posts\/3857\/revisions\/3863"}],"wp:featuredmedia":[{"embeddable":true,"href":"https:\/\/pjcanindeyu.gov.py\/index.php?rest_route=\/wp\/v2\/media\/3860"}],"wp:attachment":[{"href":"https:\/\/pjcanindeyu.gov.py\/index.php?rest_route=%2Fwp%2Fv2%2Fmedia&parent=3857"}],"wp:term":[{"taxonomy":"category","embeddable":true,"href":"https:\/\/pjcanindeyu.gov.py\/index.php?rest_route=%2Fwp%2Fv2%2Fcategories&post=3857"},{"taxonomy":"post_tag","embeddable":true,"href":"https:\/\/pjcanindeyu.gov.py\/index.php?rest_route=%2Fwp%2Fv2%2Ftags&post=3857"}],"curies":[{"name":"wp","href":"https:\/\/api.w.org\/{rel}","templated":true}]}}