
{"id":3915,"date":"2024-08-22T10:42:59","date_gmt":"2024-08-22T14:42:59","guid":{"rendered":"https:\/\/pjcanindeyu.gov.py\/?p=3915"},"modified":"2024-08-22T10:45:09","modified_gmt":"2024-08-22T14:45:09","slug":"convenio-de-cooperacion-circunscripcion-judicial-de-canindeyu-facultad-de-ciencias-juridicas-y-sociales-de-la-unican","status":"publish","type":"post","link":"https:\/\/pjcanindeyu.gov.py\/?p=3915","title":{"rendered":"Convenio de Cooperaci\u00f3n \u2013 Circunscripci\u00f3n Judicial de Canindey\u00fa &#8211; Facultad de Ciencias Jur\u00eddicas y Sociales de la UNICAN"},"content":{"rendered":"\n<p>En la fecha, la Circunscripci\u00f3n Judicial de Canindey\u00fa y la Facultad de Ciencias Jur\u00eddicas y Sociales (FACIJS) de la Universidad Nacional de Canindey\u00fa han firmado un convenio de cooperaci\u00f3n interinstitucional. El acto se realiz\u00f3 en el Palacio de Justicia de Saltos del Guair\u00e1. Suscribieron el acuerdo, los miembros del Consejo de Administraci\u00f3n de la Circunscripci\u00f3n Judicial de Canindey\u00fa, presidido por el Abg. Gustavo H. Br\u00edtez, y los miembros del Tribunal en lo Penal, presidido por la Abg. Luz Torres, en representaci\u00f3n de la FACIJS &#8211; UNICAN, el Decano, Abg. Francisco J. Delgado.<\/p>\n\n\n\n<p>El acuerdo suscripto, entre otras actividades, posibilitar\u00e1 que los alumnos de la carrera de Derecho de la FACIJS, realicen pasant\u00edas en los Juzgados y Tribunales de la Circunscripci\u00f3n, a fin de adquirir experiencia pr\u00e1ctica en el foro, y fortalecer el proceso de formaci\u00f3n profesional como abogados.<\/p>\n\n\n\n<figure class=\"wp-block-gallery has-nested-images columns-default is-cropped galeria wp-block-gallery-1 is-layout-flex wp-block-gallery-is-layout-flex\">\n<figure class=\"wp-block-image size-large\"><a href=\"https:\/\/pjcanindeyu.gov.py\/wp-content\/uploads\/2024\/08\/Convenio-FACIJS-1.jpeg\"><img loading=\"lazy\" decoding=\"async\" width=\"1024\" height=\"667\" data-id=\"3916\" src=\"https:\/\/pjcanindeyu.gov.py\/wp-content\/uploads\/2024\/08\/Convenio-FACIJS-1-1024x667.jpeg\" alt=\"\" class=\"wp-image-3916\" srcset=\"https:\/\/pjcanindeyu.gov.py\/wp-content\/uploads\/2024\/08\/Convenio-FACIJS-1-1024x667.jpeg 1024w, https:\/\/pjcanindeyu.gov.py\/wp-content\/uploads\/2024\/08\/Convenio-FACIJS-1-300x195.jpeg 300w, https:\/\/pjcanindeyu.gov.py\/wp-content\/uploads\/2024\/08\/Convenio-FACIJS-1-768x500.jpeg 768w, https:\/\/pjcanindeyu.gov.py\/wp-content\/uploads\/2024\/08\/Convenio-FACIJS-1.jpeg 1423w\" sizes=\"auto, (max-width: 1024px) 100vw, 1024px\" \/><\/a><\/figure>\n\n\n\n<figure class=\"wp-block-image size-large\"><a href=\"https:\/\/pjcanindeyu.gov.py\/wp-content\/uploads\/2024\/08\/Convenio-FACIJS-2.jpeg\"><img loading=\"lazy\" decoding=\"async\" width=\"1024\" height=\"717\" data-id=\"3917\" src=\"https:\/\/pjcanindeyu.gov.py\/wp-content\/uploads\/2024\/08\/Convenio-FACIJS-2-1024x717.jpeg\" alt=\"\" class=\"wp-image-3917\" srcset=\"https:\/\/pjcanindeyu.gov.py\/wp-content\/uploads\/2024\/08\/Convenio-FACIJS-2-1024x717.jpeg 1024w, https:\/\/pjcanindeyu.gov.py\/wp-content\/uploads\/2024\/08\/Convenio-FACIJS-2-300x210.jpeg 300w, https:\/\/pjcanindeyu.gov.py\/wp-content\/uploads\/2024\/08\/Convenio-FACIJS-2-768x538.jpeg 768w, https:\/\/pjcanindeyu.gov.py\/wp-content\/uploads\/2024\/08\/Convenio-FACIJS-2-1536x1075.jpeg 1536w, https:\/\/pjcanindeyu.gov.py\/wp-content\/uploads\/2024\/08\/Convenio-FACIJS-2.jpeg 1600w\" sizes=\"auto, (max-width: 1024px) 100vw, 1024px\" \/><\/a><\/figure>\n\n\n\n<figure class=\"wp-block-image size-large\"><a href=\"https:\/\/pjcanindeyu.gov.py\/wp-content\/uploads\/2024\/08\/Convenio-FACIJS-3.jpeg\"><img loading=\"lazy\" decoding=\"async\" width=\"1024\" height=\"607\" data-id=\"3918\" src=\"https:\/\/pjcanindeyu.gov.py\/wp-content\/uploads\/2024\/08\/Convenio-FACIJS-3-1024x607.jpeg\" alt=\"\" class=\"wp-image-3918\" srcset=\"https:\/\/pjcanindeyu.gov.py\/wp-content\/uploads\/2024\/08\/Convenio-FACIJS-3-1024x607.jpeg 1024w, https:\/\/pjcanindeyu.gov.py\/wp-content\/uploads\/2024\/08\/Convenio-FACIJS-3-300x178.jpeg 300w, https:\/\/pjcanindeyu.gov.py\/wp-content\/uploads\/2024\/08\/Convenio-FACIJS-3-768x456.jpeg 768w, https:\/\/pjcanindeyu.gov.py\/wp-content\/uploads\/2024\/08\/Convenio-FACIJS-3-1536x911.jpeg 1536w, https:\/\/pjcanindeyu.gov.py\/wp-content\/uploads\/2024\/08\/Convenio-FACIJS-3.jpeg 1600w\" sizes=\"auto, (max-width: 1024px) 100vw, 1024px\" \/><\/a><\/figure>\n\n\n\n<figure class=\"wp-block-image size-large\"><a href=\"https:\/\/pjcanindeyu.gov.py\/wp-content\/uploads\/2024\/08\/Convenio-FACIJS-4.jpeg\"><img loading=\"lazy\" decoding=\"async\" width=\"1024\" height=\"657\" data-id=\"3919\" src=\"https:\/\/pjcanindeyu.gov.py\/wp-content\/uploads\/2024\/08\/Convenio-FACIJS-4-1024x657.jpeg\" alt=\"\" class=\"wp-image-3919\" srcset=\"https:\/\/pjcanindeyu.gov.py\/wp-content\/uploads\/2024\/08\/Convenio-FACIJS-4-1024x657.jpeg 1024w, https:\/\/pjcanindeyu.gov.py\/wp-content\/uploads\/2024\/08\/Convenio-FACIJS-4-300x192.jpeg 300w, https:\/\/pjcanindeyu.gov.py\/wp-content\/uploads\/2024\/08\/Convenio-FACIJS-4-768x493.jpeg 768w, https:\/\/pjcanindeyu.gov.py\/wp-content\/uploads\/2024\/08\/Convenio-FACIJS-4-1536x986.jpeg 1536w, https:\/\/pjcanindeyu.gov.py\/wp-content\/uploads\/2024\/08\/Convenio-FACIJS-4.jpeg 1599w\" sizes=\"auto, (max-width: 1024px) 100vw, 1024px\" \/><\/a><\/figure>\n\n\n\n<figure class=\"wp-block-image size-large\"><a href=\"https:\/\/pjcanindeyu.gov.py\/wp-content\/uploads\/2024\/08\/Convenio-FACIJS-5.jpeg\"><img loading=\"lazy\" decoding=\"async\" width=\"1024\" height=\"576\" data-id=\"3920\" src=\"https:\/\/pjcanindeyu.gov.py\/wp-content\/uploads\/2024\/08\/Convenio-FACIJS-5-1024x576.jpeg\" alt=\"\" class=\"wp-image-3920\" srcset=\"https:\/\/pjcanindeyu.gov.py\/wp-content\/uploads\/2024\/08\/Convenio-FACIJS-5-1024x576.jpeg 1024w, https:\/\/pjcanindeyu.gov.py\/wp-content\/uploads\/2024\/08\/Convenio-FACIJS-5-300x169.jpeg 300w, https:\/\/pjcanindeyu.gov.py\/wp-content\/uploads\/2024\/08\/Convenio-FACIJS-5-768x432.jpeg 768w, https:\/\/pjcanindeyu.gov.py\/wp-content\/uploads\/2024\/08\/Convenio-FACIJS-5-1536x864.jpeg 1536w, https:\/\/pjcanindeyu.gov.py\/wp-content\/uploads\/2024\/08\/Convenio-FACIJS-5-1280x720.jpeg 1280w, https:\/\/pjcanindeyu.gov.py\/wp-content\/uploads\/2024\/08\/Convenio-FACIJS-5.jpeg 1600w\" sizes=\"auto, (max-width: 1024px) 100vw, 1024px\" \/><\/a><\/figure>\n\n\n\n<figure class=\"wp-block-image size-large\"><a href=\"https:\/\/pjcanindeyu.gov.py\/wp-content\/uploads\/2024\/08\/Convenio-FACIJS-6.jpeg\"><img loading=\"lazy\" decoding=\"async\" width=\"1024\" height=\"745\" data-id=\"3921\" src=\"https:\/\/pjcanindeyu.gov.py\/wp-content\/uploads\/2024\/08\/Convenio-FACIJS-6-1024x745.jpeg\" alt=\"\" class=\"wp-image-3921\" srcset=\"https:\/\/pjcanindeyu.gov.py\/wp-content\/uploads\/2024\/08\/Convenio-FACIJS-6-1024x745.jpeg 1024w, https:\/\/pjcanindeyu.gov.py\/wp-content\/uploads\/2024\/08\/Convenio-FACIJS-6-300x218.jpeg 300w, https:\/\/pjcanindeyu.gov.py\/wp-content\/uploads\/2024\/08\/Convenio-FACIJS-6-768x559.jpeg 768w, https:\/\/pjcanindeyu.gov.py\/wp-content\/uploads\/2024\/08\/Convenio-FACIJS-6.jpeg 1533w\" sizes=\"auto, (max-width: 1024px) 100vw, 1024px\" \/><\/a><\/figure>\n\n\n\n<figure class=\"wp-block-image size-large\"><a href=\"https:\/\/pjcanindeyu.gov.py\/wp-content\/uploads\/2024\/08\/Convenio-FACIJS.jpeg\"><img loading=\"lazy\" decoding=\"async\" width=\"1024\" height=\"721\" data-id=\"3922\" src=\"https:\/\/pjcanindeyu.gov.py\/wp-content\/uploads\/2024\/08\/Convenio-FACIJS-1024x721.jpeg\" alt=\"\" class=\"wp-image-3922\" srcset=\"https:\/\/pjcanindeyu.gov.py\/wp-content\/uploads\/2024\/08\/Convenio-FACIJS-1024x721.jpeg 1024w, https:\/\/pjcanindeyu.gov.py\/wp-content\/uploads\/2024\/08\/Convenio-FACIJS-300x211.jpeg 300w, https:\/\/pjcanindeyu.gov.py\/wp-content\/uploads\/2024\/08\/Convenio-FACIJS-768x540.jpeg 768w, https:\/\/pjcanindeyu.gov.py\/wp-content\/uploads\/2024\/08\/Convenio-FACIJS-1536x1081.jpeg 1536w, https:\/\/pjcanindeyu.gov.py\/wp-content\/uploads\/2024\/08\/Convenio-FACIJS.jpeg 1600w\" sizes=\"auto, (max-width: 1024px) 100vw, 1024px\" \/><\/a><\/figure>\n<\/figure>\n","protected":false},"excerpt":{"rendered":"<p>En la fecha, la Circunscripci\u00f3n Judicial de Canindey\u00fa y la Facultad de Ciencias Jur\u00eddicas y Sociales (FACIJS) de la Universidad Nacional de Canindey\u00fa han firmado un convenio de cooperaci\u00f3n interinstitucional. El acto se realiz\u00f3 en el Palacio de Justicia de Saltos del Guair\u00e1. Suscribieron el acuerdo, los miembros del Consejo [&hellip;]<\/p>\n","protected":false},"author":1,"featured_media":3922,"comment_status":"open","ping_status":"closed","sticky":false,"template":"","format":"standard","meta":{"footnotes":""},"categories":[2],"tags":[],"class_list":["post-3915","post","type-post","status-publish","format-standard","has-post-thumbnail","hentry","category-notas"],"_links":{"self":[{"href":"https:\/\/pjcanindeyu.gov.py\/index.php?rest_route=\/wp\/v2\/posts\/3915","targetHints":{"allow":["GET"]}}],"collection":[{"href":"https:\/\/pjcanindeyu.gov.py\/index.php?rest_route=\/wp\/v2\/posts"}],"about":[{"href":"https:\/\/pjcanindeyu.gov.py\/index.php?rest_route=\/wp\/v2\/types\/post"}],"author":[{"embeddable":true,"href":"https:\/\/pjcanindeyu.gov.py\/index.php?rest_route=\/wp\/v2\/users\/1"}],"replies":[{"embeddable":true,"href":"https:\/\/pjcanindeyu.gov.py\/index.php?rest_route=%2Fwp%2Fv2%2Fcomments&post=3915"}],"version-history":[{"count":2,"href":"https:\/\/pjcanindeyu.gov.py\/index.php?rest_route=\/wp\/v2\/posts\/3915\/revisions"}],"predecessor-version":[{"id":3924,"href":"https:\/\/pjcanindeyu.gov.py\/index.php?rest_route=\/wp\/v2\/posts\/3915\/revisions\/3924"}],"wp:featuredmedia":[{"embeddable":true,"href":"https:\/\/pjcanindeyu.gov.py\/index.php?rest_route=\/wp\/v2\/media\/3922"}],"wp:attachment":[{"href":"https:\/\/pjcanindeyu.gov.py\/index.php?rest_route=%2Fwp%2Fv2%2Fmedia&parent=3915"}],"wp:term":[{"taxonomy":"category","embeddable":true,"href":"https:\/\/pjcanindeyu.gov.py\/index.php?rest_route=%2Fwp%2Fv2%2Fcategories&post=3915"},{"taxonomy":"post_tag","embeddable":true,"href":"https:\/\/pjcanindeyu.gov.py\/index.php?rest_route=%2Fwp%2Fv2%2Ftags&post=3915"}],"curies":[{"name":"wp","href":"https:\/\/api.w.org\/{rel}","templated":true}]}}