
{"id":3960,"date":"2024-09-12T13:20:55","date_gmt":"2024-09-12T17:20:55","guid":{"rendered":"https:\/\/pjcanindeyu.gov.py\/?p=3960"},"modified":"2024-09-12T13:25:30","modified_gmt":"2024-09-12T17:25:30","slug":"xx-encuentro-de-magistradas-de-los-mas-altos-organos-de-justicia-de-iberoamerica-por-una-justicia-de-genero","status":"publish","type":"post","link":"https:\/\/pjcanindeyu.gov.py\/?p=3960","title":{"rendered":"XX Encuentro de Magistradas de los m\u00e1s altos \u00d3rganos de Justicia de Iberoam\u00e9rica \u00abPor una Justicia de G\u00e9nero\u00bb"},"content":{"rendered":"\n<p>En el Centro de Convenciones del Palacio de Justicia de Ciudad del Este \u2013 Circunscripci\u00f3n Judicial de Alto Paran\u00e1 se desarrolla el \ud835\uddeb\ud835\uddeb \ud835\uddd8\ud835\udde1\ud835\uddd6\ud835\udde8\ud835\uddd8\ud835\udde1\ud835\udde7\ud835\udde5\ud835\udde2 \ud835\uddd7\ud835\uddd8 \ud835\udde0\ud835\uddd4\ud835\uddda\ud835\udddc\ud835\udde6\ud835\udde7\ud835\udde5\ud835\uddd4\ud835\uddd7\ud835\uddd4\ud835\udde6 \ud835\uddd7\ud835\uddd8 \ud835\udddc\ud835\uddd5\ud835\uddd8\ud835\udde5\ud835\udde2\ud835\uddd4\ud835\udde0\ud835\uddd8\u0301\ud835\udde5\ud835\udddc\ud835\uddd6\ud835\uddd4, con el lema \u00abEl Control de Convencionalidad y los Derechos Humanos de las Mujeres\u00bb, reuniendo a magistradas de los m\u00e1s altos \u00f3rganos de justicia de Iberoam\u00e9rica para tratar temas claves sobre justicia y derechos de las mujeres.<\/p>\n\n\n\n<p>En representaci\u00f3n de la Circunscripci\u00f3n Judicial de Canindey\u00fa participa, la vicepresidente del Consejo de Administraci\u00f3n, Abg. Edith Mart\u00ednez, la presidente del Tribunal de Apelaci\u00f3n Penal, Abg. Luz Teresita Torres y las Magistradas, Arminda Alfonzo, Alcira de Souza, Mar\u00eda Ysabel D\u00e1valos y B\u00e1rbara Peralta.<\/p>\n\n\n\n<p>La Ministra de Corte, y Superintendente de la Circunscripci\u00f3n Judicial de Canindey\u00fa, Dra. Carolina Llanes, participa del trascendental evento realizado, y se constituye en una de las principales exponentes en representaci\u00f3n del Poder Judicial del pa\u00eds.<\/p>\n\n\n\n<figure class=\"wp-block-gallery has-nested-images columns-4 is-cropped galeria wp-block-gallery-1 is-layout-flex wp-block-gallery-is-layout-flex\">\n<figure class=\"wp-block-image size-large\"><a href=\"https:\/\/pjcanindeyu.gov.py\/wp-content\/uploads\/2024\/09\/congreso-scaled.jpg\"><img loading=\"lazy\" decoding=\"async\" width=\"1024\" height=\"675\" data-id=\"3968\" src=\"https:\/\/pjcanindeyu.gov.py\/wp-content\/uploads\/2024\/09\/congreso-1024x675.jpg\" alt=\"\" class=\"wp-image-3968\" srcset=\"https:\/\/pjcanindeyu.gov.py\/wp-content\/uploads\/2024\/09\/congreso-1024x675.jpg 1024w, https:\/\/pjcanindeyu.gov.py\/wp-content\/uploads\/2024\/09\/congreso-300x198.jpg 300w, https:\/\/pjcanindeyu.gov.py\/wp-content\/uploads\/2024\/09\/congreso-768x506.jpg 768w, https:\/\/pjcanindeyu.gov.py\/wp-content\/uploads\/2024\/09\/congreso-1536x1012.jpg 1536w, https:\/\/pjcanindeyu.gov.py\/wp-content\/uploads\/2024\/09\/congreso-2048x1349.jpg 2048w\" sizes=\"auto, (max-width: 1024px) 100vw, 1024px\" \/><\/a><\/figure>\n\n\n\n<figure class=\"wp-block-image size-large\"><a href=\"https:\/\/pjcanindeyu.gov.py\/wp-content\/uploads\/2024\/09\/congreso-2.jpg\"><img loading=\"lazy\" decoding=\"async\" width=\"960\" height=\"639\" data-id=\"3961\" src=\"https:\/\/pjcanindeyu.gov.py\/wp-content\/uploads\/2024\/09\/congreso-2.jpg\" alt=\"\" class=\"wp-image-3961\" srcset=\"https:\/\/pjcanindeyu.gov.py\/wp-content\/uploads\/2024\/09\/congreso-2.jpg 960w, https:\/\/pjcanindeyu.gov.py\/wp-content\/uploads\/2024\/09\/congreso-2-300x200.jpg 300w, https:\/\/pjcanindeyu.gov.py\/wp-content\/uploads\/2024\/09\/congreso-2-768x511.jpg 768w\" sizes=\"auto, (max-width: 960px) 100vw, 960px\" \/><\/a><\/figure>\n\n\n\n<figure class=\"wp-block-image size-large\"><a href=\"https:\/\/pjcanindeyu.gov.py\/wp-content\/uploads\/2024\/09\/congreso-3.jpg\"><img loading=\"lazy\" decoding=\"async\" width=\"1024\" height=\"683\" data-id=\"3967\" src=\"https:\/\/pjcanindeyu.gov.py\/wp-content\/uploads\/2024\/09\/congreso-3-1024x683.jpg\" alt=\"\" class=\"wp-image-3967\" srcset=\"https:\/\/pjcanindeyu.gov.py\/wp-content\/uploads\/2024\/09\/congreso-3-1024x683.jpg 1024w, https:\/\/pjcanindeyu.gov.py\/wp-content\/uploads\/2024\/09\/congreso-3-300x200.jpg 300w, https:\/\/pjcanindeyu.gov.py\/wp-content\/uploads\/2024\/09\/congreso-3-768x512.jpg 768w, https:\/\/pjcanindeyu.gov.py\/wp-content\/uploads\/2024\/09\/congreso-3-1536x1024.jpg 1536w, https:\/\/pjcanindeyu.gov.py\/wp-content\/uploads\/2024\/09\/congreso-3.jpg 2048w\" sizes=\"auto, (max-width: 1024px) 100vw, 1024px\" \/><\/a><\/figure>\n\n\n\n<figure class=\"wp-block-image size-large\"><a href=\"https:\/\/pjcanindeyu.gov.py\/wp-content\/uploads\/2024\/09\/congreso-4.jpeg\"><img loading=\"lazy\" decoding=\"async\" width=\"762\" height=\"1024\" data-id=\"3963\" src=\"https:\/\/pjcanindeyu.gov.py\/wp-content\/uploads\/2024\/09\/congreso-4-762x1024.jpeg\" alt=\"\" class=\"wp-image-3963\" srcset=\"https:\/\/pjcanindeyu.gov.py\/wp-content\/uploads\/2024\/09\/congreso-4-762x1024.jpeg 762w, https:\/\/pjcanindeyu.gov.py\/wp-content\/uploads\/2024\/09\/congreso-4-223x300.jpeg 223w, https:\/\/pjcanindeyu.gov.py\/wp-content\/uploads\/2024\/09\/congreso-4-768x1032.jpeg 768w, https:\/\/pjcanindeyu.gov.py\/wp-content\/uploads\/2024\/09\/congreso-4-1143x1536.jpeg 1143w, https:\/\/pjcanindeyu.gov.py\/wp-content\/uploads\/2024\/09\/congreso-4.jpeg 1190w\" sizes=\"auto, (max-width: 762px) 100vw, 762px\" \/><\/a><\/figure>\n\n\n\n<figure class=\"wp-block-image size-large\"><a href=\"https:\/\/pjcanindeyu.gov.py\/wp-content\/uploads\/2024\/09\/congreso-5.jpeg\"><img loading=\"lazy\" decoding=\"async\" width=\"1024\" height=\"768\" data-id=\"3966\" src=\"https:\/\/pjcanindeyu.gov.py\/wp-content\/uploads\/2024\/09\/congreso-5-1024x768.jpeg\" alt=\"\" class=\"wp-image-3966\" srcset=\"https:\/\/pjcanindeyu.gov.py\/wp-content\/uploads\/2024\/09\/congreso-5-1024x768.jpeg 1024w, https:\/\/pjcanindeyu.gov.py\/wp-content\/uploads\/2024\/09\/congreso-5-300x225.jpeg 300w, https:\/\/pjcanindeyu.gov.py\/wp-content\/uploads\/2024\/09\/congreso-5-768x576.jpeg 768w, https:\/\/pjcanindeyu.gov.py\/wp-content\/uploads\/2024\/09\/congreso-5.jpeg 1280w\" sizes=\"auto, (max-width: 1024px) 100vw, 1024px\" \/><\/a><\/figure>\n\n\n\n<figure class=\"wp-block-image size-large\"><a href=\"https:\/\/pjcanindeyu.gov.py\/wp-content\/uploads\/2024\/09\/congreso-6.jpeg\"><img loading=\"lazy\" decoding=\"async\" width=\"1024\" height=\"768\" data-id=\"3965\" src=\"https:\/\/pjcanindeyu.gov.py\/wp-content\/uploads\/2024\/09\/congreso-6-1024x768.jpeg\" alt=\"\" class=\"wp-image-3965\" srcset=\"https:\/\/pjcanindeyu.gov.py\/wp-content\/uploads\/2024\/09\/congreso-6-1024x768.jpeg 1024w, https:\/\/pjcanindeyu.gov.py\/wp-content\/uploads\/2024\/09\/congreso-6-300x225.jpeg 300w, https:\/\/pjcanindeyu.gov.py\/wp-content\/uploads\/2024\/09\/congreso-6-768x576.jpeg 768w, https:\/\/pjcanindeyu.gov.py\/wp-content\/uploads\/2024\/09\/congreso-6.jpeg 1280w\" sizes=\"auto, (max-width: 1024px) 100vw, 1024px\" \/><\/a><\/figure>\n\n\n\n<figure class=\"wp-block-image size-large\"><a href=\"https:\/\/pjcanindeyu.gov.py\/wp-content\/uploads\/2024\/09\/congreso-7.jpeg\"><img loading=\"lazy\" decoding=\"async\" width=\"1024\" height=\"768\" data-id=\"3964\" src=\"https:\/\/pjcanindeyu.gov.py\/wp-content\/uploads\/2024\/09\/congreso-7-1024x768.jpeg\" alt=\"\" class=\"wp-image-3964\" srcset=\"https:\/\/pjcanindeyu.gov.py\/wp-content\/uploads\/2024\/09\/congreso-7-1024x768.jpeg 1024w, https:\/\/pjcanindeyu.gov.py\/wp-content\/uploads\/2024\/09\/congreso-7-300x225.jpeg 300w, https:\/\/pjcanindeyu.gov.py\/wp-content\/uploads\/2024\/09\/congreso-7-768x576.jpeg 768w, https:\/\/pjcanindeyu.gov.py\/wp-content\/uploads\/2024\/09\/congreso-7.jpeg 1280w\" sizes=\"auto, (max-width: 1024px) 100vw, 1024px\" \/><\/a><\/figure>\n\n\n\n<figure class=\"wp-block-image size-large\"><a href=\"https:\/\/pjcanindeyu.gov.py\/wp-content\/uploads\/2024\/09\/congreso-8.jpeg\"><img loading=\"lazy\" decoding=\"async\" width=\"1024\" height=\"768\" data-id=\"3962\" src=\"https:\/\/pjcanindeyu.gov.py\/wp-content\/uploads\/2024\/09\/congreso-8-1024x768.jpeg\" alt=\"\" class=\"wp-image-3962\" srcset=\"https:\/\/pjcanindeyu.gov.py\/wp-content\/uploads\/2024\/09\/congreso-8-1024x768.jpeg 1024w, https:\/\/pjcanindeyu.gov.py\/wp-content\/uploads\/2024\/09\/congreso-8-300x225.jpeg 300w, https:\/\/pjcanindeyu.gov.py\/wp-content\/uploads\/2024\/09\/congreso-8-768x576.jpeg 768w, https:\/\/pjcanindeyu.gov.py\/wp-content\/uploads\/2024\/09\/congreso-8.jpeg 1152w\" sizes=\"auto, (max-width: 1024px) 100vw, 1024px\" \/><\/a><\/figure>\n\n\n\n<figure class=\"wp-block-image size-large\"><a href=\"https:\/\/pjcanindeyu.gov.py\/wp-content\/uploads\/2024\/09\/congreso-1-scaled.jpg\"><img loading=\"lazy\" decoding=\"async\" width=\"1024\" height=\"683\" data-id=\"3969\" src=\"https:\/\/pjcanindeyu.gov.py\/wp-content\/uploads\/2024\/09\/congreso-1-1024x683.jpg\" alt=\"\" class=\"wp-image-3969\" srcset=\"https:\/\/pjcanindeyu.gov.py\/wp-content\/uploads\/2024\/09\/congreso-1-1024x683.jpg 1024w, https:\/\/pjcanindeyu.gov.py\/wp-content\/uploads\/2024\/09\/congreso-1-300x200.jpg 300w, https:\/\/pjcanindeyu.gov.py\/wp-content\/uploads\/2024\/09\/congreso-1-768x512.jpg 768w, https:\/\/pjcanindeyu.gov.py\/wp-content\/uploads\/2024\/09\/congreso-1-1536x1024.jpg 1536w, https:\/\/pjcanindeyu.gov.py\/wp-content\/uploads\/2024\/09\/congreso-1-2048x1365.jpg 2048w\" sizes=\"auto, (max-width: 1024px) 100vw, 1024px\" \/><\/a><\/figure>\n<\/figure>\n","protected":false},"excerpt":{"rendered":"<p>En el Centro de Convenciones del Palacio de Justicia de Ciudad del Este \u2013 Circunscripci\u00f3n Judicial de Alto Paran\u00e1 se desarrolla el \ud835\uddeb\ud835\uddeb \ud835\uddd8\ud835\udde1\ud835\uddd6\ud835\udde8\ud835\uddd8\ud835\udde1\ud835\udde7\ud835\udde5\ud835\udde2 \ud835\uddd7\ud835\uddd8 \ud835\udde0\ud835\uddd4\ud835\uddda\ud835\udddc\ud835\udde6\ud835\udde7\ud835\udde5\ud835\uddd4\ud835\uddd7\ud835\uddd4\ud835\udde6 \ud835\uddd7\ud835\uddd8 \ud835\udddc\ud835\uddd5\ud835\uddd8\ud835\udde5\ud835\udde2\ud835\uddd4\ud835\udde0\ud835\uddd8\u0301\ud835\udde5\ud835\udddc\ud835\uddd6\ud835\uddd4, con el lema \u00abEl Control de Convencionalidad y los Derechos Humanos de las Mujeres\u00bb, reuniendo a magistradas de los m\u00e1s altos \u00f3rganos [&hellip;]<\/p>\n","protected":false},"author":1,"featured_media":3969,"comment_status":"open","ping_status":"closed","sticky":false,"template":"","format":"standard","meta":{"footnotes":""},"categories":[2],"tags":[],"class_list":["post-3960","post","type-post","status-publish","format-standard","has-post-thumbnail","hentry","category-notas"],"_links":{"self":[{"href":"https:\/\/pjcanindeyu.gov.py\/index.php?rest_route=\/wp\/v2\/posts\/3960","targetHints":{"allow":["GET"]}}],"collection":[{"href":"https:\/\/pjcanindeyu.gov.py\/index.php?rest_route=\/wp\/v2\/posts"}],"about":[{"href":"https:\/\/pjcanindeyu.gov.py\/index.php?rest_route=\/wp\/v2\/types\/post"}],"author":[{"embeddable":true,"href":"https:\/\/pjcanindeyu.gov.py\/index.php?rest_route=\/wp\/v2\/users\/1"}],"replies":[{"embeddable":true,"href":"https:\/\/pjcanindeyu.gov.py\/index.php?rest_route=%2Fwp%2Fv2%2Fcomments&post=3960"}],"version-history":[{"count":2,"href":"https:\/\/pjcanindeyu.gov.py\/index.php?rest_route=\/wp\/v2\/posts\/3960\/revisions"}],"predecessor-version":[{"id":3971,"href":"https:\/\/pjcanindeyu.gov.py\/index.php?rest_route=\/wp\/v2\/posts\/3960\/revisions\/3971"}],"wp:featuredmedia":[{"embeddable":true,"href":"https:\/\/pjcanindeyu.gov.py\/index.php?rest_route=\/wp\/v2\/media\/3969"}],"wp:attachment":[{"href":"https:\/\/pjcanindeyu.gov.py\/index.php?rest_route=%2Fwp%2Fv2%2Fmedia&parent=3960"}],"wp:term":[{"taxonomy":"category","embeddable":true,"href":"https:\/\/pjcanindeyu.gov.py\/index.php?rest_route=%2Fwp%2Fv2%2Fcategories&post=3960"},{"taxonomy":"post_tag","embeddable":true,"href":"https:\/\/pjcanindeyu.gov.py\/index.php?rest_route=%2Fwp%2Fv2%2Ftags&post=3960"}],"curies":[{"name":"wp","href":"https:\/\/api.w.org\/{rel}","templated":true}]}}