
{"id":4184,"date":"2024-11-12T11:16:31","date_gmt":"2024-11-12T15:16:31","guid":{"rendered":"https:\/\/pjcanindeyu.gov.py\/?p=4184"},"modified":"2024-11-12T11:16:31","modified_gmt":"2024-11-12T15:16:31","slug":"seminario-sobre-inteligencia-artificial-y-sistema-judicial-en-el-palacio-de-justicia-de-asuncion","status":"publish","type":"post","link":"https:\/\/pjcanindeyu.gov.py\/?p=4184","title":{"rendered":"Seminario sobre Inteligencia Artificial y Sistema Judicial en el Palacio de Justicia de Asunci\u00f3n"},"content":{"rendered":"\n<p>El Presidente de la Corte Suprema de Justicia, Dr. Luis M. Ben\u00edtez Riera, y los Ministros, Dra. Carolina Llanes y Dr. C\u00e9sar Diesel, participaron en la apertura del Seminario-Taller sobre \u201cInteligencia Artificial en el Estado de Derecho y el Sistema Judicial\u201d. El evento se lleva a cabo en el Sal\u00f3n Auditorio \u201cDra. Serafina D\u00e1valos\u201d del Palacio de Justicia de Asunci\u00f3n.<\/p>\n\n\n\n<p>El acto cont\u00f3 con la presencia de la Presidenta del Tribunal de Apelaciones en lo Penal de la Circunscripci\u00f3n Judicial de Canindey\u00fa, Abg. Luz Teresita Torres. Tambi\u00e9n asistieron la Jueza de la Ni\u00f1ez y la Adolescencia de Saltos del Guair\u00e1, Abg. Rut Contrera, y el Juez de Paz de Jasy Ka\u00f1y, Abg. V\u00edctor Mart\u00ednez, en representaci\u00f3n de la XV Circunscripci\u00f3n Judicial.<\/p>\n\n\n\n<p>La capacitaci\u00f3n busca brindar a jueces, fiscales, abogados y otras partes del sector judicial el acceso a informaci\u00f3n y herramientas necesarias para comprender y considerar los beneficios de la Inteligencia Artificial en su trabajo.<\/p>\n\n\n\n<figure class=\"wp-block-gallery has-nested-images columns-4 is-cropped galeria wp-block-gallery-1 is-layout-flex wp-block-gallery-is-layout-flex\">\n<figure class=\"wp-block-image size-large\"><a href=\"https:\/\/pjcanindeyu.gov.py\/wp-content\/uploads\/2024\/11\/Taller-IA-1.jpeg\"><img loading=\"lazy\" decoding=\"async\" width=\"1024\" height=\"768\" data-id=\"4186\" src=\"https:\/\/pjcanindeyu.gov.py\/wp-content\/uploads\/2024\/11\/Taller-IA-1-1024x768.jpeg\" alt=\"\" class=\"wp-image-4186\" srcset=\"https:\/\/pjcanindeyu.gov.py\/wp-content\/uploads\/2024\/11\/Taller-IA-1-1024x768.jpeg 1024w, https:\/\/pjcanindeyu.gov.py\/wp-content\/uploads\/2024\/11\/Taller-IA-1-300x225.jpeg 300w, https:\/\/pjcanindeyu.gov.py\/wp-content\/uploads\/2024\/11\/Taller-IA-1-768x576.jpeg 768w, https:\/\/pjcanindeyu.gov.py\/wp-content\/uploads\/2024\/11\/Taller-IA-1-1536x1152.jpeg 1536w, https:\/\/pjcanindeyu.gov.py\/wp-content\/uploads\/2024\/11\/Taller-IA-1.jpeg 1600w\" sizes=\"auto, (max-width: 1024px) 100vw, 1024px\" \/><\/a><\/figure>\n\n\n\n<figure class=\"wp-block-image size-large\"><a href=\"https:\/\/pjcanindeyu.gov.py\/wp-content\/uploads\/2024\/11\/Taller-IA-3.jpeg\"><img loading=\"lazy\" decoding=\"async\" width=\"1024\" height=\"682\" data-id=\"4187\" src=\"https:\/\/pjcanindeyu.gov.py\/wp-content\/uploads\/2024\/11\/Taller-IA-3-1024x682.jpeg\" alt=\"\" class=\"wp-image-4187\" srcset=\"https:\/\/pjcanindeyu.gov.py\/wp-content\/uploads\/2024\/11\/Taller-IA-3-1024x682.jpeg 1024w, https:\/\/pjcanindeyu.gov.py\/wp-content\/uploads\/2024\/11\/Taller-IA-3-300x200.jpeg 300w, https:\/\/pjcanindeyu.gov.py\/wp-content\/uploads\/2024\/11\/Taller-IA-3-768x512.jpeg 768w, https:\/\/pjcanindeyu.gov.py\/wp-content\/uploads\/2024\/11\/Taller-IA-3-1536x1023.jpeg 1536w, https:\/\/pjcanindeyu.gov.py\/wp-content\/uploads\/2024\/11\/Taller-IA-3.jpeg 1600w\" sizes=\"auto, (max-width: 1024px) 100vw, 1024px\" \/><\/a><\/figure>\n\n\n\n<figure class=\"wp-block-image size-large\"><a href=\"https:\/\/pjcanindeyu.gov.py\/wp-content\/uploads\/2024\/11\/Taller-IA-4.jpeg\"><img loading=\"lazy\" decoding=\"async\" width=\"1024\" height=\"682\" data-id=\"4188\" src=\"https:\/\/pjcanindeyu.gov.py\/wp-content\/uploads\/2024\/11\/Taller-IA-4-1024x682.jpeg\" alt=\"\" class=\"wp-image-4188\" srcset=\"https:\/\/pjcanindeyu.gov.py\/wp-content\/uploads\/2024\/11\/Taller-IA-4-1024x682.jpeg 1024w, https:\/\/pjcanindeyu.gov.py\/wp-content\/uploads\/2024\/11\/Taller-IA-4-300x200.jpeg 300w, https:\/\/pjcanindeyu.gov.py\/wp-content\/uploads\/2024\/11\/Taller-IA-4-768x512.jpeg 768w, https:\/\/pjcanindeyu.gov.py\/wp-content\/uploads\/2024\/11\/Taller-IA-4-1536x1023.jpeg 1536w, https:\/\/pjcanindeyu.gov.py\/wp-content\/uploads\/2024\/11\/Taller-IA-4.jpeg 1600w\" sizes=\"auto, (max-width: 1024px) 100vw, 1024px\" \/><\/a><\/figure>\n\n\n\n<figure class=\"wp-block-image size-large\"><a href=\"https:\/\/pjcanindeyu.gov.py\/wp-content\/uploads\/2024\/11\/Taller-IA-5.jpeg\"><img loading=\"lazy\" decoding=\"async\" width=\"1024\" height=\"682\" data-id=\"4189\" src=\"https:\/\/pjcanindeyu.gov.py\/wp-content\/uploads\/2024\/11\/Taller-IA-5-1024x682.jpeg\" alt=\"\" class=\"wp-image-4189\" srcset=\"https:\/\/pjcanindeyu.gov.py\/wp-content\/uploads\/2024\/11\/Taller-IA-5-1024x682.jpeg 1024w, https:\/\/pjcanindeyu.gov.py\/wp-content\/uploads\/2024\/11\/Taller-IA-5-300x200.jpeg 300w, https:\/\/pjcanindeyu.gov.py\/wp-content\/uploads\/2024\/11\/Taller-IA-5-768x512.jpeg 768w, https:\/\/pjcanindeyu.gov.py\/wp-content\/uploads\/2024\/11\/Taller-IA-5-1536x1023.jpeg 1536w, https:\/\/pjcanindeyu.gov.py\/wp-content\/uploads\/2024\/11\/Taller-IA-5.jpeg 1600w\" sizes=\"auto, (max-width: 1024px) 100vw, 1024px\" \/><\/a><\/figure>\n\n\n\n<figure class=\"wp-block-image size-large\"><a href=\"https:\/\/pjcanindeyu.gov.py\/wp-content\/uploads\/2024\/11\/Taller-IA-1-2.jpeg\"><img loading=\"lazy\" decoding=\"async\" width=\"1024\" height=\"682\" data-id=\"4185\" src=\"https:\/\/pjcanindeyu.gov.py\/wp-content\/uploads\/2024\/11\/Taller-IA-1-2-1024x682.jpeg\" alt=\"\" class=\"wp-image-4185\" srcset=\"https:\/\/pjcanindeyu.gov.py\/wp-content\/uploads\/2024\/11\/Taller-IA-1-2-1024x682.jpeg 1024w, https:\/\/pjcanindeyu.gov.py\/wp-content\/uploads\/2024\/11\/Taller-IA-1-2-300x200.jpeg 300w, https:\/\/pjcanindeyu.gov.py\/wp-content\/uploads\/2024\/11\/Taller-IA-1-2-768x512.jpeg 768w, https:\/\/pjcanindeyu.gov.py\/wp-content\/uploads\/2024\/11\/Taller-IA-1-2-1536x1023.jpeg 1536w, https:\/\/pjcanindeyu.gov.py\/wp-content\/uploads\/2024\/11\/Taller-IA-1-2.jpeg 1600w\" sizes=\"auto, (max-width: 1024px) 100vw, 1024px\" \/><\/a><\/figure>\n<\/figure>\n","protected":false},"excerpt":{"rendered":"<p>El Presidente de la Corte Suprema de Justicia, Dr. Luis M. Ben\u00edtez Riera, y los Ministros, Dra. Carolina Llanes y Dr. C\u00e9sar Diesel, participaron en la apertura del Seminario-Taller sobre \u201cInteligencia Artificial en el Estado de Derecho y el Sistema Judicial\u201d. El evento se lleva a cabo en el Sal\u00f3n [&hellip;]<\/p>\n","protected":false},"author":1,"featured_media":4185,"comment_status":"open","ping_status":"closed","sticky":false,"template":"","format":"standard","meta":{"footnotes":""},"categories":[2],"tags":[],"class_list":["post-4184","post","type-post","status-publish","format-standard","has-post-thumbnail","hentry","category-notas"],"_links":{"self":[{"href":"https:\/\/pjcanindeyu.gov.py\/index.php?rest_route=\/wp\/v2\/posts\/4184","targetHints":{"allow":["GET"]}}],"collection":[{"href":"https:\/\/pjcanindeyu.gov.py\/index.php?rest_route=\/wp\/v2\/posts"}],"about":[{"href":"https:\/\/pjcanindeyu.gov.py\/index.php?rest_route=\/wp\/v2\/types\/post"}],"author":[{"embeddable":true,"href":"https:\/\/pjcanindeyu.gov.py\/index.php?rest_route=\/wp\/v2\/users\/1"}],"replies":[{"embeddable":true,"href":"https:\/\/pjcanindeyu.gov.py\/index.php?rest_route=%2Fwp%2Fv2%2Fcomments&post=4184"}],"version-history":[{"count":1,"href":"https:\/\/pjcanindeyu.gov.py\/index.php?rest_route=\/wp\/v2\/posts\/4184\/revisions"}],"predecessor-version":[{"id":4190,"href":"https:\/\/pjcanindeyu.gov.py\/index.php?rest_route=\/wp\/v2\/posts\/4184\/revisions\/4190"}],"wp:featuredmedia":[{"embeddable":true,"href":"https:\/\/pjcanindeyu.gov.py\/index.php?rest_route=\/wp\/v2\/media\/4185"}],"wp:attachment":[{"href":"https:\/\/pjcanindeyu.gov.py\/index.php?rest_route=%2Fwp%2Fv2%2Fmedia&parent=4184"}],"wp:term":[{"taxonomy":"category","embeddable":true,"href":"https:\/\/pjcanindeyu.gov.py\/index.php?rest_route=%2Fwp%2Fv2%2Fcategories&post=4184"},{"taxonomy":"post_tag","embeddable":true,"href":"https:\/\/pjcanindeyu.gov.py\/index.php?rest_route=%2Fwp%2Fv2%2Ftags&post=4184"}],"curies":[{"name":"wp","href":"https:\/\/api.w.org\/{rel}","templated":true}]}}