
{"id":4192,"date":"2024-11-12T11:19:09","date_gmt":"2024-11-12T15:19:09","guid":{"rendered":"https:\/\/pjcanindeyu.gov.py\/?p=4192"},"modified":"2024-11-12T11:19:09","modified_gmt":"2024-11-12T15:19:09","slug":"miembros-del-consejo-de-administracion-reciben-en-audiencia-a-representantes-de-orden-de-abogados-de-canindeyu","status":"publish","type":"post","link":"https:\/\/pjcanindeyu.gov.py\/?p=4192","title":{"rendered":"Miembros del Consejo de Administraci\u00f3n reciben en audiencia a representantes de Orden de Abogados de Canindey\u00fa."},"content":{"rendered":"\n<p>En la fecha, en la sede del Palacio de Justicia de Saltos del Guair\u00e1, fueron recibidos en audiencia los representantes de orden de abogados de Canindey\u00fa, encabezada por su presidente, el Abg. Ever Ram\u00f3n Larrosa Chaparro y comisi\u00f3n directiva. En la audiencia participaron, el presidente del Consejo de Administraci\u00f3n, Abg. Gustavo H. Br\u00edtez, y los miembros, Abg. Carlos Dom\u00ednguez y la Abg. Edith Mart\u00ednez.<\/p>\n\n\n\n<p>El presidente a su turno, al tiempo de felicitar a los profesionales destac\u00f3 la importancia de estrechar los canales de comunicaci\u00f3n con la orden de profesionales del derecho, a los efectos de coadyuvar con los esfuerzos, coordinar gestiones de inter\u00e9s com\u00fan. Adem\u00e1s, para recibir las inquietudes a fin de lograr mejoras en la administraci\u00f3n de justicia.<\/p>\n\n\n\n<p>El presidente del gremio agradeci\u00f3 la apertura del Consejo de Administraci\u00f3n y expres\u00f3 el compromiso de los miembros de la asociaci\u00f3n a modo de trabajar conjuntamente para el fortalecimiento del servicio de justicia en la regi\u00f3n.<\/p>\n\n\n\n<figure class=\"wp-block-gallery has-nested-images columns-default is-cropped galeria wp-block-gallery-1 is-layout-flex wp-block-gallery-is-layout-flex\">\n<figure class=\"wp-block-image size-large\"><a href=\"https:\/\/pjcanindeyu.gov.py\/wp-content\/uploads\/2024\/11\/Orden-1.jpeg\"><img loading=\"lazy\" decoding=\"async\" width=\"1024\" height=\"576\" data-id=\"4193\" src=\"https:\/\/pjcanindeyu.gov.py\/wp-content\/uploads\/2024\/11\/Orden-1-1024x576.jpeg\" alt=\"\" class=\"wp-image-4193\" srcset=\"https:\/\/pjcanindeyu.gov.py\/wp-content\/uploads\/2024\/11\/Orden-1-1024x576.jpeg 1024w, https:\/\/pjcanindeyu.gov.py\/wp-content\/uploads\/2024\/11\/Orden-1-300x169.jpeg 300w, https:\/\/pjcanindeyu.gov.py\/wp-content\/uploads\/2024\/11\/Orden-1-768x432.jpeg 768w, https:\/\/pjcanindeyu.gov.py\/wp-content\/uploads\/2024\/11\/Orden-1-1536x864.jpeg 1536w, https:\/\/pjcanindeyu.gov.py\/wp-content\/uploads\/2024\/11\/Orden-1-1280x720.jpeg 1280w, https:\/\/pjcanindeyu.gov.py\/wp-content\/uploads\/2024\/11\/Orden-1.jpeg 1600w\" sizes=\"auto, (max-width: 1024px) 100vw, 1024px\" \/><\/a><\/figure>\n\n\n\n<figure class=\"wp-block-image size-large\"><a href=\"https:\/\/pjcanindeyu.gov.py\/wp-content\/uploads\/2024\/11\/Orden-2-scaled.jpeg\"><img loading=\"lazy\" decoding=\"async\" width=\"1024\" height=\"768\" data-id=\"4194\" src=\"https:\/\/pjcanindeyu.gov.py\/wp-content\/uploads\/2024\/11\/Orden-2-1024x768.jpeg\" alt=\"\" class=\"wp-image-4194\" srcset=\"https:\/\/pjcanindeyu.gov.py\/wp-content\/uploads\/2024\/11\/Orden-2-1024x768.jpeg 1024w, https:\/\/pjcanindeyu.gov.py\/wp-content\/uploads\/2024\/11\/Orden-2-300x225.jpeg 300w, https:\/\/pjcanindeyu.gov.py\/wp-content\/uploads\/2024\/11\/Orden-2-768x576.jpeg 768w, https:\/\/pjcanindeyu.gov.py\/wp-content\/uploads\/2024\/11\/Orden-2-1536x1152.jpeg 1536w, https:\/\/pjcanindeyu.gov.py\/wp-content\/uploads\/2024\/11\/Orden-2-2048x1536.jpeg 2048w\" sizes=\"auto, (max-width: 1024px) 100vw, 1024px\" \/><\/a><\/figure>\n\n\n\n<figure class=\"wp-block-image size-large\"><a href=\"https:\/\/pjcanindeyu.gov.py\/wp-content\/uploads\/2024\/11\/Orden-3.jpeg\"><img loading=\"lazy\" decoding=\"async\" width=\"1024\" height=\"628\" data-id=\"4195\" src=\"https:\/\/pjcanindeyu.gov.py\/wp-content\/uploads\/2024\/11\/Orden-3-1024x628.jpeg\" alt=\"\" class=\"wp-image-4195\" srcset=\"https:\/\/pjcanindeyu.gov.py\/wp-content\/uploads\/2024\/11\/Orden-3-1024x628.jpeg 1024w, https:\/\/pjcanindeyu.gov.py\/wp-content\/uploads\/2024\/11\/Orden-3-300x184.jpeg 300w, https:\/\/pjcanindeyu.gov.py\/wp-content\/uploads\/2024\/11\/Orden-3-768x471.jpeg 768w, https:\/\/pjcanindeyu.gov.py\/wp-content\/uploads\/2024\/11\/Orden-3-1536x942.jpeg 1536w, https:\/\/pjcanindeyu.gov.py\/wp-content\/uploads\/2024\/11\/Orden-3.jpeg 1600w\" sizes=\"auto, (max-width: 1024px) 100vw, 1024px\" \/><\/a><\/figure>\n<\/figure>\n","protected":false},"excerpt":{"rendered":"<p>En la fecha, en la sede del Palacio de Justicia de Saltos del Guair\u00e1, fueron recibidos en audiencia los representantes de orden de abogados de Canindey\u00fa, encabezada por su presidente, el Abg. Ever Ram\u00f3n Larrosa Chaparro y comisi\u00f3n directiva. En la audiencia participaron, el presidente del Consejo de Administraci\u00f3n, Abg. [&hellip;]<\/p>\n","protected":false},"author":1,"featured_media":4195,"comment_status":"open","ping_status":"closed","sticky":false,"template":"","format":"standard","meta":{"footnotes":""},"categories":[2],"tags":[],"class_list":["post-4192","post","type-post","status-publish","format-standard","has-post-thumbnail","hentry","category-notas"],"_links":{"self":[{"href":"https:\/\/pjcanindeyu.gov.py\/index.php?rest_route=\/wp\/v2\/posts\/4192","targetHints":{"allow":["GET"]}}],"collection":[{"href":"https:\/\/pjcanindeyu.gov.py\/index.php?rest_route=\/wp\/v2\/posts"}],"about":[{"href":"https:\/\/pjcanindeyu.gov.py\/index.php?rest_route=\/wp\/v2\/types\/post"}],"author":[{"embeddable":true,"href":"https:\/\/pjcanindeyu.gov.py\/index.php?rest_route=\/wp\/v2\/users\/1"}],"replies":[{"embeddable":true,"href":"https:\/\/pjcanindeyu.gov.py\/index.php?rest_route=%2Fwp%2Fv2%2Fcomments&post=4192"}],"version-history":[{"count":1,"href":"https:\/\/pjcanindeyu.gov.py\/index.php?rest_route=\/wp\/v2\/posts\/4192\/revisions"}],"predecessor-version":[{"id":4196,"href":"https:\/\/pjcanindeyu.gov.py\/index.php?rest_route=\/wp\/v2\/posts\/4192\/revisions\/4196"}],"wp:featuredmedia":[{"embeddable":true,"href":"https:\/\/pjcanindeyu.gov.py\/index.php?rest_route=\/wp\/v2\/media\/4195"}],"wp:attachment":[{"href":"https:\/\/pjcanindeyu.gov.py\/index.php?rest_route=%2Fwp%2Fv2%2Fmedia&parent=4192"}],"wp:term":[{"taxonomy":"category","embeddable":true,"href":"https:\/\/pjcanindeyu.gov.py\/index.php?rest_route=%2Fwp%2Fv2%2Fcategories&post=4192"},{"taxonomy":"post_tag","embeddable":true,"href":"https:\/\/pjcanindeyu.gov.py\/index.php?rest_route=%2Fwp%2Fv2%2Ftags&post=4192"}],"curies":[{"name":"wp","href":"https:\/\/api.w.org\/{rel}","templated":true}]}}