
{"id":4303,"date":"2025-02-12T09:58:38","date_gmt":"2025-02-12T13:58:38","guid":{"rendered":"https:\/\/pjcanindeyu.gov.py\/?p=4303"},"modified":"2025-02-12T09:58:38","modified_gmt":"2025-02-12T13:58:38","slug":"la-corte-suprema-de-justicia-designa-a-novel-magistrada-penal-para-saltos-del-guaira","status":"publish","type":"post","link":"https:\/\/pjcanindeyu.gov.py\/?p=4303","title":{"rendered":"La Corte Suprema de Justicia designa a novel Magistrada Penal para Saltos del Guair\u00e1"},"content":{"rendered":"\n<p>En sesi\u00f3n plenaria de la fecha, la Corte Suprema de Justicia, en ejercicio de sus atribuciones constitucionales, resolvi\u00f3 designar a Magistrada Penal para la XV Circunscripci\u00f3n Judicial de Canindey\u00fa.<\/p>\n\n\n\n<p>La Abg. Mar\u00eda Ysabel D\u00e1valos Arr\u00faa fue designada como Jueza Penal de Garant\u00edas N\u00ba 4 de Saltos del Guair\u00e1. La Superintendencia de la Circunscripci\u00f3n, a cargo de la Ministra, Dra. Prof. Carolina Llanes, y el Consejo de Administraci\u00f3n, expresan sus mejores deseos de \u00e9xitos a la designada en el desempe\u00f1o de sus funciones a beneficio de la sociedad.<br><\/p>\n\n\n\n<figure class=\"wp-block-gallery has-nested-images columns-default is-cropped galeria wp-block-gallery-1 is-layout-flex wp-block-gallery-is-layout-flex\">\n<figure class=\"wp-block-image size-large\"><a href=\"https:\/\/pjcanindeyu.gov.py\/wp-content\/uploads\/2025\/02\/Designacion-penal-Ysabel.png\"><img loading=\"lazy\" decoding=\"async\" width=\"756\" height=\"1024\" data-id=\"4304\" src=\"https:\/\/pjcanindeyu.gov.py\/wp-content\/uploads\/2025\/02\/Designacion-penal-Ysabel-756x1024.png\" alt=\"\" class=\"wp-image-4304\" srcset=\"https:\/\/pjcanindeyu.gov.py\/wp-content\/uploads\/2025\/02\/Designacion-penal-Ysabel-756x1024.png 756w, https:\/\/pjcanindeyu.gov.py\/wp-content\/uploads\/2025\/02\/Designacion-penal-Ysabel-221x300.png 221w, https:\/\/pjcanindeyu.gov.py\/wp-content\/uploads\/2025\/02\/Designacion-penal-Ysabel-768x1041.png 768w, https:\/\/pjcanindeyu.gov.py\/wp-content\/uploads\/2025\/02\/Designacion-penal-Ysabel-1134x1536.png 1134w, https:\/\/pjcanindeyu.gov.py\/wp-content\/uploads\/2025\/02\/Designacion-penal-Ysabel-1511x2048.png 1511w, https:\/\/pjcanindeyu.gov.py\/wp-content\/uploads\/2025\/02\/Designacion-penal-Ysabel.png 1780w\" sizes=\"auto, (max-width: 756px) 100vw, 756px\" \/><\/a><\/figure>\n<\/figure>\n","protected":false},"excerpt":{"rendered":"<p>En sesi\u00f3n plenaria de la fecha, la Corte Suprema de Justicia, en ejercicio de sus atribuciones constitucionales, resolvi\u00f3 designar a Magistrada Penal para la XV Circunscripci\u00f3n Judicial de Canindey\u00fa. La Abg. Mar\u00eda Ysabel D\u00e1valos Arr\u00faa fue designada como Jueza Penal de Garant\u00edas N\u00ba 4 de Saltos del Guair\u00e1. La Superintendencia [&hellip;]<\/p>\n","protected":false},"author":1,"featured_media":4305,"comment_status":"open","ping_status":"closed","sticky":false,"template":"","format":"standard","meta":{"footnotes":""},"categories":[2],"tags":[],"class_list":["post-4303","post","type-post","status-publish","format-standard","has-post-thumbnail","hentry","category-notas"],"_links":{"self":[{"href":"https:\/\/pjcanindeyu.gov.py\/index.php?rest_route=\/wp\/v2\/posts\/4303","targetHints":{"allow":["GET"]}}],"collection":[{"href":"https:\/\/pjcanindeyu.gov.py\/index.php?rest_route=\/wp\/v2\/posts"}],"about":[{"href":"https:\/\/pjcanindeyu.gov.py\/index.php?rest_route=\/wp\/v2\/types\/post"}],"author":[{"embeddable":true,"href":"https:\/\/pjcanindeyu.gov.py\/index.php?rest_route=\/wp\/v2\/users\/1"}],"replies":[{"embeddable":true,"href":"https:\/\/pjcanindeyu.gov.py\/index.php?rest_route=%2Fwp%2Fv2%2Fcomments&post=4303"}],"version-history":[{"count":1,"href":"https:\/\/pjcanindeyu.gov.py\/index.php?rest_route=\/wp\/v2\/posts\/4303\/revisions"}],"predecessor-version":[{"id":4306,"href":"https:\/\/pjcanindeyu.gov.py\/index.php?rest_route=\/wp\/v2\/posts\/4303\/revisions\/4306"}],"wp:featuredmedia":[{"embeddable":true,"href":"https:\/\/pjcanindeyu.gov.py\/index.php?rest_route=\/wp\/v2\/media\/4305"}],"wp:attachment":[{"href":"https:\/\/pjcanindeyu.gov.py\/index.php?rest_route=%2Fwp%2Fv2%2Fmedia&parent=4303"}],"wp:term":[{"taxonomy":"category","embeddable":true,"href":"https:\/\/pjcanindeyu.gov.py\/index.php?rest_route=%2Fwp%2Fv2%2Fcategories&post=4303"},{"taxonomy":"post_tag","embeddable":true,"href":"https:\/\/pjcanindeyu.gov.py\/index.php?rest_route=%2Fwp%2Fv2%2Ftags&post=4303"}],"curies":[{"name":"wp","href":"https:\/\/api.w.org\/{rel}","templated":true}]}}