
{"id":4361,"date":"2025-02-26T11:23:27","date_gmt":"2025-02-26T15:23:27","guid":{"rendered":"https:\/\/pjcanindeyu.gov.py\/?p=4361"},"modified":"2025-02-26T11:25:37","modified_gmt":"2025-02-26T15:25:37","slug":"juez-de-paz-de-yasy-kany-confirmado-en-el-cargo-por-la-corte-suprema-de-justicia","status":"publish","type":"post","link":"https:\/\/pjcanindeyu.gov.py\/?p=4361","title":{"rendered":"Juez de Paz de Yasy Ka\u00f1y confirmado en el cargo por la Corte Suprema de Justicia"},"content":{"rendered":"\n<p>En sesi\u00f3n plenaria llevada a cabo en la fecha, el pleno de la Corte Suprema de Justicia confirm\u00f3 en su cargo por un per\u00edodo m\u00e1s, al Abg. V\u00edctor Hugo Mart\u00ednez Bello, Juez de Paz de Yasy Ka\u00f1y.<\/p>\n\n\n\n<p>La decisi\u00f3n de confirmar en el cargo al magistrado se respald\u00f3 en su destacada labor a cargo de la unidad judicial de referencia. La Superintendencia de la Circunscripci\u00f3n, a cargo de la Ministra, Dra. Prof. Carolina Llanes, y el Consejo de Administraci\u00f3n, expresan sus mejores deseos de \u00e9xitos al titular confirmado en el desempe\u00f1o de sus funciones a beneficio de la sociedad.<\/p>\n\n\n\n<figure class=\"wp-block-gallery has-nested-images columns-default is-cropped galeria wp-block-gallery-1 is-layout-flex wp-block-gallery-is-layout-flex\">\n<figure class=\"wp-block-image size-large\"><a href=\"https:\/\/pjcanindeyu.gov.py\/wp-content\/uploads\/2025\/02\/Designacion-penal-Martinez-Bello.png\"><img loading=\"lazy\" decoding=\"async\" width=\"756\" height=\"1024\" data-id=\"4362\" src=\"https:\/\/pjcanindeyu.gov.py\/wp-content\/uploads\/2025\/02\/Designacion-penal-Martinez-Bello-756x1024.png\" alt=\"\" class=\"wp-image-4362\" srcset=\"https:\/\/pjcanindeyu.gov.py\/wp-content\/uploads\/2025\/02\/Designacion-penal-Martinez-Bello-756x1024.png 756w, https:\/\/pjcanindeyu.gov.py\/wp-content\/uploads\/2025\/02\/Designacion-penal-Martinez-Bello-221x300.png 221w, https:\/\/pjcanindeyu.gov.py\/wp-content\/uploads\/2025\/02\/Designacion-penal-Martinez-Bello-768x1041.png 768w, https:\/\/pjcanindeyu.gov.py\/wp-content\/uploads\/2025\/02\/Designacion-penal-Martinez-Bello-1134x1536.png 1134w, https:\/\/pjcanindeyu.gov.py\/wp-content\/uploads\/2025\/02\/Designacion-penal-Martinez-Bello-1511x2048.png 1511w, https:\/\/pjcanindeyu.gov.py\/wp-content\/uploads\/2025\/02\/Designacion-penal-Martinez-Bello.png 1780w\" sizes=\"auto, (max-width: 756px) 100vw, 756px\" \/><\/a><\/figure>\n<\/figure>\n","protected":false},"excerpt":{"rendered":"<p>En sesi\u00f3n plenaria llevada a cabo en la fecha, el pleno de la Corte Suprema de Justicia confirm\u00f3 en su cargo por un per\u00edodo m\u00e1s, al Abg. V\u00edctor Hugo Mart\u00ednez Bello, Juez de Paz de Yasy Ka\u00f1y. La decisi\u00f3n de confirmar en el cargo al magistrado se respald\u00f3 en su [&hellip;]<\/p>\n","protected":false},"author":1,"featured_media":4363,"comment_status":"open","ping_status":"closed","sticky":false,"template":"","format":"standard","meta":{"footnotes":""},"categories":[2],"tags":[],"class_list":["post-4361","post","type-post","status-publish","format-standard","has-post-thumbnail","hentry","category-notas"],"_links":{"self":[{"href":"https:\/\/pjcanindeyu.gov.py\/index.php?rest_route=\/wp\/v2\/posts\/4361","targetHints":{"allow":["GET"]}}],"collection":[{"href":"https:\/\/pjcanindeyu.gov.py\/index.php?rest_route=\/wp\/v2\/posts"}],"about":[{"href":"https:\/\/pjcanindeyu.gov.py\/index.php?rest_route=\/wp\/v2\/types\/post"}],"author":[{"embeddable":true,"href":"https:\/\/pjcanindeyu.gov.py\/index.php?rest_route=\/wp\/v2\/users\/1"}],"replies":[{"embeddable":true,"href":"https:\/\/pjcanindeyu.gov.py\/index.php?rest_route=%2Fwp%2Fv2%2Fcomments&post=4361"}],"version-history":[{"count":4,"href":"https:\/\/pjcanindeyu.gov.py\/index.php?rest_route=\/wp\/v2\/posts\/4361\/revisions"}],"predecessor-version":[{"id":4367,"href":"https:\/\/pjcanindeyu.gov.py\/index.php?rest_route=\/wp\/v2\/posts\/4361\/revisions\/4367"}],"wp:featuredmedia":[{"embeddable":true,"href":"https:\/\/pjcanindeyu.gov.py\/index.php?rest_route=\/wp\/v2\/media\/4363"}],"wp:attachment":[{"href":"https:\/\/pjcanindeyu.gov.py\/index.php?rest_route=%2Fwp%2Fv2%2Fmedia&parent=4361"}],"wp:term":[{"taxonomy":"category","embeddable":true,"href":"https:\/\/pjcanindeyu.gov.py\/index.php?rest_route=%2Fwp%2Fv2%2Fcategories&post=4361"},{"taxonomy":"post_tag","embeddable":true,"href":"https:\/\/pjcanindeyu.gov.py\/index.php?rest_route=%2Fwp%2Fv2%2Ftags&post=4361"}],"curies":[{"name":"wp","href":"https:\/\/api.w.org\/{rel}","templated":true}]}}