
{"id":4390,"date":"2025-02-28T10:32:41","date_gmt":"2025-02-28T14:32:41","guid":{"rendered":"https:\/\/pjcanindeyu.gov.py\/?p=4390"},"modified":"2025-02-28T10:32:41","modified_gmt":"2025-02-28T14:32:41","slug":"posesion-de-cargo-del-novel-juez-penal-de-garantias-de-saltos-del-guaira","status":"publish","type":"post","link":"https:\/\/pjcanindeyu.gov.py\/?p=4390","title":{"rendered":"Posesi\u00f3n de cargo del novel Juez Penal de Garant\u00edas de Saltos del Guair\u00e1"},"content":{"rendered":"\n<p>En acto protocolar simb\u00f3lico, los Miembros del Consejo de Administraci\u00f3n de la Circunscripci\u00f3n han puesto en posesi\u00f3n de cargo al Magistrado, Abg. Ram\u00f3n Antonio Vera, como Juez Penal de Garant\u00edas N\u00ba 2 de Saltos del Guair\u00e1.<\/p>\n\n\n\n<p>El Abg. Gustavo Br\u00edtez y la Abg. Luz M. Torres, Presidente y Vicepresidenta segunda del Consejo de Administraci\u00f3n, encabezaron el acto, quienes a su turno resaltaron la labor de la Magistrada, Marta Romero quien fung\u00eda como interina de dicha dependencia judicial, garantizando el servicio de justicia a los usuarios.<br>El acto cont\u00f3 la presencia del Abg. Ram\u00f3n Trinidad Zelaya, presidente del Tribunal de Apelaciones en lo Penal. Tambi\u00e9n asistieron las magistradas Marta Romero y Guillermina Gonz\u00e1lez, junto a funcionarios del Palacio de Justicia local.<\/p>\n\n\n\n<figure class=\"wp-block-gallery has-nested-images columns-4 is-cropped galeria wp-block-gallery-1 is-layout-flex wp-block-gallery-is-layout-flex\">\n<figure class=\"wp-block-image size-large\"><a href=\"https:\/\/pjcanindeyu.gov.py\/wp-content\/uploads\/2025\/02\/Posesion-2-scaled.jpeg\"><img loading=\"lazy\" decoding=\"async\" width=\"1024\" height=\"586\" data-id=\"4393\" src=\"https:\/\/pjcanindeyu.gov.py\/wp-content\/uploads\/2025\/02\/Posesion-2-1024x586.jpeg\" alt=\"\" class=\"wp-image-4393\" srcset=\"https:\/\/pjcanindeyu.gov.py\/wp-content\/uploads\/2025\/02\/Posesion-2-1024x586.jpeg 1024w, https:\/\/pjcanindeyu.gov.py\/wp-content\/uploads\/2025\/02\/Posesion-2-300x172.jpeg 300w, https:\/\/pjcanindeyu.gov.py\/wp-content\/uploads\/2025\/02\/Posesion-2-768x440.jpeg 768w, https:\/\/pjcanindeyu.gov.py\/wp-content\/uploads\/2025\/02\/Posesion-2-1536x879.jpeg 1536w, https:\/\/pjcanindeyu.gov.py\/wp-content\/uploads\/2025\/02\/Posesion-2-2048x1172.jpeg 2048w\" sizes=\"auto, (max-width: 1024px) 100vw, 1024px\" \/><\/a><\/figure>\n\n\n\n<figure class=\"wp-block-image size-large\"><a href=\"https:\/\/pjcanindeyu.gov.py\/wp-content\/uploads\/2025\/02\/Posesion-3-scaled.jpeg\"><img loading=\"lazy\" decoding=\"async\" width=\"1024\" height=\"518\" data-id=\"4392\" src=\"https:\/\/pjcanindeyu.gov.py\/wp-content\/uploads\/2025\/02\/Posesion-3-1024x518.jpeg\" alt=\"\" class=\"wp-image-4392\" srcset=\"https:\/\/pjcanindeyu.gov.py\/wp-content\/uploads\/2025\/02\/Posesion-3-1024x518.jpeg 1024w, https:\/\/pjcanindeyu.gov.py\/wp-content\/uploads\/2025\/02\/Posesion-3-300x152.jpeg 300w, https:\/\/pjcanindeyu.gov.py\/wp-content\/uploads\/2025\/02\/Posesion-3-768x389.jpeg 768w, https:\/\/pjcanindeyu.gov.py\/wp-content\/uploads\/2025\/02\/Posesion-3-1536x778.jpeg 1536w, https:\/\/pjcanindeyu.gov.py\/wp-content\/uploads\/2025\/02\/Posesion-3-2048x1037.jpeg 2048w\" sizes=\"auto, (max-width: 1024px) 100vw, 1024px\" \/><\/a><\/figure>\n\n\n\n<figure class=\"wp-block-image size-large\"><a href=\"https:\/\/pjcanindeyu.gov.py\/wp-content\/uploads\/2025\/02\/Posesion-4-scaled.jpeg\"><img loading=\"lazy\" decoding=\"async\" width=\"1024\" height=\"552\" data-id=\"4395\" src=\"https:\/\/pjcanindeyu.gov.py\/wp-content\/uploads\/2025\/02\/Posesion-4-1024x552.jpeg\" alt=\"\" class=\"wp-image-4395\" srcset=\"https:\/\/pjcanindeyu.gov.py\/wp-content\/uploads\/2025\/02\/Posesion-4-1024x552.jpeg 1024w, https:\/\/pjcanindeyu.gov.py\/wp-content\/uploads\/2025\/02\/Posesion-4-300x162.jpeg 300w, https:\/\/pjcanindeyu.gov.py\/wp-content\/uploads\/2025\/02\/Posesion-4-768x414.jpeg 768w, https:\/\/pjcanindeyu.gov.py\/wp-content\/uploads\/2025\/02\/Posesion-4-1536x828.jpeg 1536w, https:\/\/pjcanindeyu.gov.py\/wp-content\/uploads\/2025\/02\/Posesion-4-2048x1104.jpeg 2048w\" sizes=\"auto, (max-width: 1024px) 100vw, 1024px\" \/><\/a><\/figure>\n\n\n\n<figure class=\"wp-block-image size-large\"><a href=\"https:\/\/pjcanindeyu.gov.py\/wp-content\/uploads\/2025\/02\/Posesion-5-scaled.jpeg\"><img loading=\"lazy\" decoding=\"async\" width=\"1024\" height=\"717\" data-id=\"4394\" src=\"https:\/\/pjcanindeyu.gov.py\/wp-content\/uploads\/2025\/02\/Posesion-5-1024x717.jpeg\" alt=\"\" class=\"wp-image-4394\" srcset=\"https:\/\/pjcanindeyu.gov.py\/wp-content\/uploads\/2025\/02\/Posesion-5-1024x717.jpeg 1024w, https:\/\/pjcanindeyu.gov.py\/wp-content\/uploads\/2025\/02\/Posesion-5-300x210.jpeg 300w, https:\/\/pjcanindeyu.gov.py\/wp-content\/uploads\/2025\/02\/Posesion-5-768x538.jpeg 768w, https:\/\/pjcanindeyu.gov.py\/wp-content\/uploads\/2025\/02\/Posesion-5-1536x1076.jpeg 1536w, https:\/\/pjcanindeyu.gov.py\/wp-content\/uploads\/2025\/02\/Posesion-5-2048x1435.jpeg 2048w\" sizes=\"auto, (max-width: 1024px) 100vw, 1024px\" \/><\/a><\/figure>\n\n\n\n<figure class=\"wp-block-image size-large\"><a href=\"https:\/\/pjcanindeyu.gov.py\/wp-content\/uploads\/2025\/02\/Posesion-1-scaled.jpeg\"><img loading=\"lazy\" decoding=\"async\" width=\"1024\" height=\"689\" data-id=\"4391\" src=\"https:\/\/pjcanindeyu.gov.py\/wp-content\/uploads\/2025\/02\/Posesion-1-1024x689.jpeg\" alt=\"\" class=\"wp-image-4391\" srcset=\"https:\/\/pjcanindeyu.gov.py\/wp-content\/uploads\/2025\/02\/Posesion-1-1024x689.jpeg 1024w, https:\/\/pjcanindeyu.gov.py\/wp-content\/uploads\/2025\/02\/Posesion-1-300x202.jpeg 300w, https:\/\/pjcanindeyu.gov.py\/wp-content\/uploads\/2025\/02\/Posesion-1-768x516.jpeg 768w, https:\/\/pjcanindeyu.gov.py\/wp-content\/uploads\/2025\/02\/Posesion-1-1536x1033.jpeg 1536w, https:\/\/pjcanindeyu.gov.py\/wp-content\/uploads\/2025\/02\/Posesion-1-2048x1377.jpeg 2048w\" sizes=\"auto, (max-width: 1024px) 100vw, 1024px\" \/><\/a><\/figure>\n<\/figure>\n","protected":false},"excerpt":{"rendered":"<p>En acto protocolar simb\u00f3lico, los Miembros del Consejo de Administraci\u00f3n de la Circunscripci\u00f3n han puesto en posesi\u00f3n de cargo al Magistrado, Abg. Ram\u00f3n Antonio Vera, como Juez Penal de Garant\u00edas N\u00ba 2 de Saltos del Guair\u00e1. El Abg. Gustavo Br\u00edtez y la Abg. Luz M. Torres, Presidente y Vicepresidenta segunda [&hellip;]<\/p>\n","protected":false},"author":1,"featured_media":4391,"comment_status":"open","ping_status":"closed","sticky":false,"template":"","format":"standard","meta":{"footnotes":""},"categories":[2],"tags":[],"class_list":["post-4390","post","type-post","status-publish","format-standard","has-post-thumbnail","hentry","category-notas"],"_links":{"self":[{"href":"https:\/\/pjcanindeyu.gov.py\/index.php?rest_route=\/wp\/v2\/posts\/4390","targetHints":{"allow":["GET"]}}],"collection":[{"href":"https:\/\/pjcanindeyu.gov.py\/index.php?rest_route=\/wp\/v2\/posts"}],"about":[{"href":"https:\/\/pjcanindeyu.gov.py\/index.php?rest_route=\/wp\/v2\/types\/post"}],"author":[{"embeddable":true,"href":"https:\/\/pjcanindeyu.gov.py\/index.php?rest_route=\/wp\/v2\/users\/1"}],"replies":[{"embeddable":true,"href":"https:\/\/pjcanindeyu.gov.py\/index.php?rest_route=%2Fwp%2Fv2%2Fcomments&post=4390"}],"version-history":[{"count":1,"href":"https:\/\/pjcanindeyu.gov.py\/index.php?rest_route=\/wp\/v2\/posts\/4390\/revisions"}],"predecessor-version":[{"id":4396,"href":"https:\/\/pjcanindeyu.gov.py\/index.php?rest_route=\/wp\/v2\/posts\/4390\/revisions\/4396"}],"wp:featuredmedia":[{"embeddable":true,"href":"https:\/\/pjcanindeyu.gov.py\/index.php?rest_route=\/wp\/v2\/media\/4391"}],"wp:attachment":[{"href":"https:\/\/pjcanindeyu.gov.py\/index.php?rest_route=%2Fwp%2Fv2%2Fmedia&parent=4390"}],"wp:term":[{"taxonomy":"category","embeddable":true,"href":"https:\/\/pjcanindeyu.gov.py\/index.php?rest_route=%2Fwp%2Fv2%2Fcategories&post=4390"},{"taxonomy":"post_tag","embeddable":true,"href":"https:\/\/pjcanindeyu.gov.py\/index.php?rest_route=%2Fwp%2Fv2%2Ftags&post=4390"}],"curies":[{"name":"wp","href":"https:\/\/api.w.org\/{rel}","templated":true}]}}