
{"id":4397,"date":"2025-02-28T11:51:19","date_gmt":"2025-02-28T15:51:19","guid":{"rendered":"https:\/\/pjcanindeyu.gov.py\/?p=4397"},"modified":"2025-02-28T11:51:19","modified_gmt":"2025-02-28T15:51:19","slug":"funcionario-judicial-del-juzgado-de-paz-de-puerto-adela-se-acoge-a-los-beneficios-de-la-jubilacion-luego-de-32-anos-de-servicio-publico-en-la-circunscripcion","status":"publish","type":"post","link":"https:\/\/pjcanindeyu.gov.py\/?p=4397","title":{"rendered":"Funcionario judicial del Juzgado de Paz de Puerto Adela se acoge a los beneficios de la jubilaci\u00f3n luego de 32 a\u00f1os de servicio p\u00fablico en la Circunscripci\u00f3n"},"content":{"rendered":"\n<p>Don Juan Evangelista Vera, Secretario del Juzgado de Paz de Puerto Adela, se acoge a los beneficios de la jubilaci\u00f3n, luego de una larga y reconocida carrera en el sistema judicial, que abarc\u00f3 m\u00e1s de tres d\u00e9cadas.<\/p>\n\n\n\n<p>La Superintendencia de la Circunscripci\u00f3n, a cargo de la Ministra, Dra. Carolina Llanes, y el Consejo de Administraci\u00f3n Judicial de Canindey\u00fa, expresan su gratitud y merecido reconocimiento al funcionario, por sus largos a\u00f1os de servicio a favor de la comunidad desde el Poder Judicial.<\/p>\n\n\n\n<figure class=\"wp-block-gallery has-nested-images columns-default is-cropped galeria wp-block-gallery-1 is-layout-flex wp-block-gallery-is-layout-flex\">\n<figure class=\"wp-block-image size-large\"><img loading=\"lazy\" decoding=\"async\" width=\"756\" height=\"1024\" data-id=\"4398\" src=\"https:\/\/pjcanindeyu.gov.py\/wp-content\/uploads\/2025\/02\/Juan-evangelista-Reconocimiento-756x1024.png\" alt=\"\" class=\"wp-image-4398\" srcset=\"https:\/\/pjcanindeyu.gov.py\/wp-content\/uploads\/2025\/02\/Juan-evangelista-Reconocimiento-756x1024.png 756w, https:\/\/pjcanindeyu.gov.py\/wp-content\/uploads\/2025\/02\/Juan-evangelista-Reconocimiento-221x300.png 221w, https:\/\/pjcanindeyu.gov.py\/wp-content\/uploads\/2025\/02\/Juan-evangelista-Reconocimiento-768x1041.png 768w, https:\/\/pjcanindeyu.gov.py\/wp-content\/uploads\/2025\/02\/Juan-evangelista-Reconocimiento-1134x1536.png 1134w, https:\/\/pjcanindeyu.gov.py\/wp-content\/uploads\/2025\/02\/Juan-evangelista-Reconocimiento-1511x2048.png 1511w, https:\/\/pjcanindeyu.gov.py\/wp-content\/uploads\/2025\/02\/Juan-evangelista-Reconocimiento.png 1780w\" sizes=\"auto, (max-width: 756px) 100vw, 756px\" \/><\/figure>\n<\/figure>\n","protected":false},"excerpt":{"rendered":"<p>Don Juan Evangelista Vera, Secretario del Juzgado de Paz de Puerto Adela, se acoge a los beneficios de la jubilaci\u00f3n, luego de una larga y reconocida carrera en el sistema judicial, que abarc\u00f3 m\u00e1s de tres d\u00e9cadas. La Superintendencia de la Circunscripci\u00f3n, a cargo de la Ministra, Dra. Carolina Llanes, [&hellip;]<\/p>\n","protected":false},"author":1,"featured_media":4399,"comment_status":"open","ping_status":"closed","sticky":false,"template":"","format":"standard","meta":{"footnotes":""},"categories":[2],"tags":[],"class_list":["post-4397","post","type-post","status-publish","format-standard","has-post-thumbnail","hentry","category-notas"],"_links":{"self":[{"href":"https:\/\/pjcanindeyu.gov.py\/index.php?rest_route=\/wp\/v2\/posts\/4397","targetHints":{"allow":["GET"]}}],"collection":[{"href":"https:\/\/pjcanindeyu.gov.py\/index.php?rest_route=\/wp\/v2\/posts"}],"about":[{"href":"https:\/\/pjcanindeyu.gov.py\/index.php?rest_route=\/wp\/v2\/types\/post"}],"author":[{"embeddable":true,"href":"https:\/\/pjcanindeyu.gov.py\/index.php?rest_route=\/wp\/v2\/users\/1"}],"replies":[{"embeddable":true,"href":"https:\/\/pjcanindeyu.gov.py\/index.php?rest_route=%2Fwp%2Fv2%2Fcomments&post=4397"}],"version-history":[{"count":1,"href":"https:\/\/pjcanindeyu.gov.py\/index.php?rest_route=\/wp\/v2\/posts\/4397\/revisions"}],"predecessor-version":[{"id":4400,"href":"https:\/\/pjcanindeyu.gov.py\/index.php?rest_route=\/wp\/v2\/posts\/4397\/revisions\/4400"}],"wp:featuredmedia":[{"embeddable":true,"href":"https:\/\/pjcanindeyu.gov.py\/index.php?rest_route=\/wp\/v2\/media\/4399"}],"wp:attachment":[{"href":"https:\/\/pjcanindeyu.gov.py\/index.php?rest_route=%2Fwp%2Fv2%2Fmedia&parent=4397"}],"wp:term":[{"taxonomy":"category","embeddable":true,"href":"https:\/\/pjcanindeyu.gov.py\/index.php?rest_route=%2Fwp%2Fv2%2Fcategories&post=4397"},{"taxonomy":"post_tag","embeddable":true,"href":"https:\/\/pjcanindeyu.gov.py\/index.php?rest_route=%2Fwp%2Fv2%2Ftags&post=4397"}],"curies":[{"name":"wp","href":"https:\/\/api.w.org\/{rel}","templated":true}]}}