
{"id":4439,"date":"2025-03-11T12:38:52","date_gmt":"2025-03-11T16:38:52","guid":{"rendered":"https:\/\/pjcanindeyu.gov.py\/?p=4439"},"modified":"2025-03-11T12:40:31","modified_gmt":"2025-03-11T16:40:31","slug":"%f0%9d%90%89%f0%9d%90%a8%f0%9d%90%ab%f0%9d%90%a7%f0%9d%90%9a%f0%9d%90%9d%f0%9d%90%9a-%f0%9d%90%9d%f0%9d%90%9e-%f0%9d%90%a6%f0%9d%90%a8%f0%9d%90%a7%f0%9d%90%a2%f0%9d%90%ad%f0%9d%90%a8%f0%9d%90%ab","status":"publish","type":"post","link":"https:\/\/pjcanindeyu.gov.py\/?p=4439","title":{"rendered":"Jornada de monitoreo y evaluaci\u00f3n de transparencia, integridad y rendici\u00f3n de cuentes de la Circunscripci\u00f3n Judicial de Canindey\u00fa"},"content":{"rendered":"\n<p>El Consejo de Administraci\u00f3n de la Circunscripci\u00f3n Judicial de Canindey\u00fa, en la fecha, realiz\u00f3 una jornada de monitoreo y evaluaci\u00f3n de indicadores referente a los indicadores de transparencia, <a><\/a>integridad y rendici\u00f3n de cuentas. La actividad se enmarca en las pol\u00edticas de Buen Gobierno impulsadas por la Corte Suprema de Justicia, bajo la coordinaci\u00f3n del ministro encargado, Dr. Luis Mar\u00eda Ben\u00edtez Riera.<\/p>\n\n\n\n<figure class=\"wp-block-gallery has-nested-images columns-default is-cropped wp-block-gallery-1 is-layout-flex wp-block-gallery-is-layout-flex\">\n<figure class=\"wp-block-image size-large\"><img loading=\"lazy\" decoding=\"async\" width=\"1024\" height=\"574\" data-id=\"4442\" src=\"https:\/\/pjcanindeyu.gov.py\/wp-content\/uploads\/2025\/03\/Foto-1-1024x574.jpeg\" alt=\"\" class=\"wp-image-4442\" srcset=\"https:\/\/pjcanindeyu.gov.py\/wp-content\/uploads\/2025\/03\/Foto-1-1024x574.jpeg 1024w, https:\/\/pjcanindeyu.gov.py\/wp-content\/uploads\/2025\/03\/Foto-1-300x168.jpeg 300w, https:\/\/pjcanindeyu.gov.py\/wp-content\/uploads\/2025\/03\/Foto-1-768x430.jpeg 768w, https:\/\/pjcanindeyu.gov.py\/wp-content\/uploads\/2025\/03\/Foto-1-1536x861.jpeg 1536w, https:\/\/pjcanindeyu.gov.py\/wp-content\/uploads\/2025\/03\/Foto-1-2048x1148.jpeg 2048w\" sizes=\"auto, (max-width: 1024px) 100vw, 1024px\" \/><\/figure>\n\n\n\n<figure class=\"wp-block-image size-large\"><img loading=\"lazy\" decoding=\"async\" width=\"1024\" height=\"561\" data-id=\"4444\" src=\"https:\/\/pjcanindeyu.gov.py\/wp-content\/uploads\/2025\/03\/Foto-2-1024x561.jpeg\" alt=\"\" class=\"wp-image-4444\" srcset=\"https:\/\/pjcanindeyu.gov.py\/wp-content\/uploads\/2025\/03\/Foto-2-1024x561.jpeg 1024w, https:\/\/pjcanindeyu.gov.py\/wp-content\/uploads\/2025\/03\/Foto-2-300x164.jpeg 300w, https:\/\/pjcanindeyu.gov.py\/wp-content\/uploads\/2025\/03\/Foto-2-768x421.jpeg 768w, https:\/\/pjcanindeyu.gov.py\/wp-content\/uploads\/2025\/03\/Foto-2-1536x841.jpeg 1536w, https:\/\/pjcanindeyu.gov.py\/wp-content\/uploads\/2025\/03\/Foto-2-2048x1122.jpeg 2048w\" sizes=\"auto, (max-width: 1024px) 100vw, 1024px\" \/><\/figure>\n\n\n\n<figure class=\"wp-block-image size-large\"><img loading=\"lazy\" decoding=\"async\" width=\"1024\" height=\"564\" data-id=\"4441\" src=\"https:\/\/pjcanindeyu.gov.py\/wp-content\/uploads\/2025\/03\/Foto-3-1024x564.jpeg\" alt=\"\" class=\"wp-image-4441\" srcset=\"https:\/\/pjcanindeyu.gov.py\/wp-content\/uploads\/2025\/03\/Foto-3-1024x564.jpeg 1024w, https:\/\/pjcanindeyu.gov.py\/wp-content\/uploads\/2025\/03\/Foto-3-300x165.jpeg 300w, https:\/\/pjcanindeyu.gov.py\/wp-content\/uploads\/2025\/03\/Foto-3-768x423.jpeg 768w, https:\/\/pjcanindeyu.gov.py\/wp-content\/uploads\/2025\/03\/Foto-3-1536x847.jpeg 1536w, https:\/\/pjcanindeyu.gov.py\/wp-content\/uploads\/2025\/03\/Foto-3-2048x1129.jpeg 2048w\" sizes=\"auto, (max-width: 1024px) 100vw, 1024px\" \/><\/figure>\n\n\n\n<figure class=\"wp-block-image size-large\"><img loading=\"lazy\" decoding=\"async\" width=\"1024\" height=\"461\" data-id=\"4443\" src=\"https:\/\/pjcanindeyu.gov.py\/wp-content\/uploads\/2025\/03\/Foto-4-1024x461.jpeg\" alt=\"\" class=\"wp-image-4443\" srcset=\"https:\/\/pjcanindeyu.gov.py\/wp-content\/uploads\/2025\/03\/Foto-4-1024x461.jpeg 1024w, https:\/\/pjcanindeyu.gov.py\/wp-content\/uploads\/2025\/03\/Foto-4-300x135.jpeg 300w, https:\/\/pjcanindeyu.gov.py\/wp-content\/uploads\/2025\/03\/Foto-4-768x346.jpeg 768w, https:\/\/pjcanindeyu.gov.py\/wp-content\/uploads\/2025\/03\/Foto-4-1536x692.jpeg 1536w, https:\/\/pjcanindeyu.gov.py\/wp-content\/uploads\/2025\/03\/Foto-4-2048x922.jpeg 2048w\" sizes=\"auto, (max-width: 1024px) 100vw, 1024px\" \/><\/figure>\n\n\n\n<figure class=\"wp-block-image size-large\"><img loading=\"lazy\" decoding=\"async\" width=\"1024\" height=\"461\" data-id=\"4440\" src=\"https:\/\/pjcanindeyu.gov.py\/wp-content\/uploads\/2025\/03\/Foto-5-1024x461.jpeg\" alt=\"\" class=\"wp-image-4440\" srcset=\"https:\/\/pjcanindeyu.gov.py\/wp-content\/uploads\/2025\/03\/Foto-5-1024x461.jpeg 1024w, https:\/\/pjcanindeyu.gov.py\/wp-content\/uploads\/2025\/03\/Foto-5-300x135.jpeg 300w, https:\/\/pjcanindeyu.gov.py\/wp-content\/uploads\/2025\/03\/Foto-5-768x346.jpeg 768w, https:\/\/pjcanindeyu.gov.py\/wp-content\/uploads\/2025\/03\/Foto-5-1536x692.jpeg 1536w, https:\/\/pjcanindeyu.gov.py\/wp-content\/uploads\/2025\/03\/Foto-5-2048x922.jpeg 2048w\" sizes=\"auto, (max-width: 1024px) 100vw, 1024px\" \/><\/figure>\n<\/figure>\n\n\n\n<p>De la jornada participaron los miembros del Consejo de Administraci\u00f3n de la Circunscripci\u00f3n Judicial de Canindey\u00fa, Abg. Edith Mart\u00ednez vicepresidenta primera y la Abg. Luz Torres vicepresidenta segunda, con el acompa\u00f1amiento del equipo de funcionarios y magistrados de la circunscripci\u00f3n judicial y el coordinador de la Direcci\u00f3n de Cooperaci\u00f3n y Asistencia Jur\u00eddica Internacional, Juan Zaracho.<\/p>\n\n\n\n<p>Cabe mencionar que los resultados aportan informaci\u00f3n relevante al Consejo de Administraci\u00f3n, para el logro de los objetivos propuestos dentro del Plan Operativo Institucional y, en consecuencia, para el fortalecimiento de la instituci\u00f3n judicial.<\/p>\n","protected":false},"excerpt":{"rendered":"<p>El Consejo de Administraci\u00f3n de la Circunscripci\u00f3n Judicial de Canindey\u00fa, en la fecha, realiz\u00f3 una jornada de monitoreo y evaluaci\u00f3n de indicadores referente a los indicadores de transparencia, integridad y rendici\u00f3n de cuentas. La actividad se enmarca en las pol\u00edticas de Buen Gobierno impulsadas por la Corte Suprema de Justicia, [&hellip;]<\/p>\n","protected":false},"author":1,"featured_media":4445,"comment_status":"open","ping_status":"closed","sticky":false,"template":"","format":"standard","meta":{"footnotes":""},"categories":[2],"tags":[],"class_list":["post-4439","post","type-post","status-publish","format-standard","has-post-thumbnail","hentry","category-notas"],"_links":{"self":[{"href":"https:\/\/pjcanindeyu.gov.py\/index.php?rest_route=\/wp\/v2\/posts\/4439","targetHints":{"allow":["GET"]}}],"collection":[{"href":"https:\/\/pjcanindeyu.gov.py\/index.php?rest_route=\/wp\/v2\/posts"}],"about":[{"href":"https:\/\/pjcanindeyu.gov.py\/index.php?rest_route=\/wp\/v2\/types\/post"}],"author":[{"embeddable":true,"href":"https:\/\/pjcanindeyu.gov.py\/index.php?rest_route=\/wp\/v2\/users\/1"}],"replies":[{"embeddable":true,"href":"https:\/\/pjcanindeyu.gov.py\/index.php?rest_route=%2Fwp%2Fv2%2Fcomments&post=4439"}],"version-history":[{"count":3,"href":"https:\/\/pjcanindeyu.gov.py\/index.php?rest_route=\/wp\/v2\/posts\/4439\/revisions"}],"predecessor-version":[{"id":4448,"href":"https:\/\/pjcanindeyu.gov.py\/index.php?rest_route=\/wp\/v2\/posts\/4439\/revisions\/4448"}],"wp:featuredmedia":[{"embeddable":true,"href":"https:\/\/pjcanindeyu.gov.py\/index.php?rest_route=\/wp\/v2\/media\/4445"}],"wp:attachment":[{"href":"https:\/\/pjcanindeyu.gov.py\/index.php?rest_route=%2Fwp%2Fv2%2Fmedia&parent=4439"}],"wp:term":[{"taxonomy":"category","embeddable":true,"href":"https:\/\/pjcanindeyu.gov.py\/index.php?rest_route=%2Fwp%2Fv2%2Fcategories&post=4439"},{"taxonomy":"post_tag","embeddable":true,"href":"https:\/\/pjcanindeyu.gov.py\/index.php?rest_route=%2Fwp%2Fv2%2Ftags&post=4439"}],"curies":[{"name":"wp","href":"https:\/\/api.w.org\/{rel}","templated":true}]}}