
{"id":4504,"date":"2025-04-08T20:25:00","date_gmt":"2025-04-09T00:25:00","guid":{"rendered":"https:\/\/pjcanindeyu.gov.py\/?p=4504"},"modified":"2025-04-09T08:30:39","modified_gmt":"2025-04-09T12:30:39","slug":"xv-circunscripcion-judicial-de-canindeyu-participa-en-la-creacion-de-politicas-para-la-ninez-y-adolescencia","status":"publish","type":"post","link":"https:\/\/pjcanindeyu.gov.py\/?p=4504","title":{"rendered":"XV Circunscripci\u00f3n Judicial de Canindey\u00fa participa en la creaci\u00f3n de pol\u00edticas para la ni\u00f1ez y adolescencia"},"content":{"rendered":"\n<p>La XV Circunscripci\u00f3n Judicial de Canindey\u00fa particip\u00f3 en el Taller Territorial y Audiencia P\u00fablica para la formulaci\u00f3n de la Pol\u00edtica P\u00fablica de Ni\u00f1ez y Adolescencia (POLNA 2025-2035) y su Plan Nacional de Acci\u00f3n (PNA 2025-2030). El evento fue organizado por el Consejo Nacional de Ni\u00f1ez y Adolescencia.<\/p>\n\n\n\n<p>La actividad se realiz\u00f3 en el Sal\u00f3n de Sesiones de la Junta <a><\/a>Municipal de Curuguaty. Cont\u00f3 con la presencia de la Abogada Edith Mart\u00ednez, integrante del Tribunal de Apelaciones de la Ni\u00f1ez y Adolescencia y Vicepresidenta del Consejo de Administraci\u00f3n de la Circunscripci\u00f3n. Tambi\u00e9n asistieron las juezas de la Ni\u00f1ez y Adolescencia Rut Contreras, Mabel Morel y Josefina Gunstett.<\/p>\n\n\n\n<figure class=\"wp-block-gallery has-nested-images columns-4 is-cropped galeria wp-block-gallery-1 is-layout-flex wp-block-gallery-is-layout-flex\">\n<figure class=\"wp-block-image size-large\"><a href=\"https:\/\/pjcanindeyu.gov.py\/wp-content\/uploads\/2025\/04\/Taller-de-Ninez-CTY-1.jpeg\"><img loading=\"lazy\" decoding=\"async\" width=\"1024\" height=\"576\" data-id=\"4505\" src=\"https:\/\/pjcanindeyu.gov.py\/wp-content\/uploads\/2025\/04\/Taller-de-Ninez-CTY-1-1024x576.jpeg\" alt=\"\" class=\"wp-image-4505\" srcset=\"https:\/\/pjcanindeyu.gov.py\/wp-content\/uploads\/2025\/04\/Taller-de-Ninez-CTY-1-1024x576.jpeg 1024w, https:\/\/pjcanindeyu.gov.py\/wp-content\/uploads\/2025\/04\/Taller-de-Ninez-CTY-1-300x169.jpeg 300w, https:\/\/pjcanindeyu.gov.py\/wp-content\/uploads\/2025\/04\/Taller-de-Ninez-CTY-1-768x432.jpeg 768w, https:\/\/pjcanindeyu.gov.py\/wp-content\/uploads\/2025\/04\/Taller-de-Ninez-CTY-1-1536x864.jpeg 1536w, https:\/\/pjcanindeyu.gov.py\/wp-content\/uploads\/2025\/04\/Taller-de-Ninez-CTY-1-1280x720.jpeg 1280w, https:\/\/pjcanindeyu.gov.py\/wp-content\/uploads\/2025\/04\/Taller-de-Ninez-CTY-1.jpeg 1600w\" sizes=\"auto, (max-width: 1024px) 100vw, 1024px\" \/><\/a><\/figure>\n\n\n\n<figure class=\"wp-block-image size-large\"><a href=\"https:\/\/pjcanindeyu.gov.py\/wp-content\/uploads\/2025\/04\/Taller-de-Ninez-CTY-2.jpeg\"><img loading=\"lazy\" decoding=\"async\" width=\"1024\" height=\"576\" data-id=\"4506\" src=\"https:\/\/pjcanindeyu.gov.py\/wp-content\/uploads\/2025\/04\/Taller-de-Ninez-CTY-2-1024x576.jpeg\" alt=\"\" class=\"wp-image-4506\" srcset=\"https:\/\/pjcanindeyu.gov.py\/wp-content\/uploads\/2025\/04\/Taller-de-Ninez-CTY-2-1024x576.jpeg 1024w, https:\/\/pjcanindeyu.gov.py\/wp-content\/uploads\/2025\/04\/Taller-de-Ninez-CTY-2-300x169.jpeg 300w, https:\/\/pjcanindeyu.gov.py\/wp-content\/uploads\/2025\/04\/Taller-de-Ninez-CTY-2-768x432.jpeg 768w, https:\/\/pjcanindeyu.gov.py\/wp-content\/uploads\/2025\/04\/Taller-de-Ninez-CTY-2-1536x864.jpeg 1536w, https:\/\/pjcanindeyu.gov.py\/wp-content\/uploads\/2025\/04\/Taller-de-Ninez-CTY-2-1280x720.jpeg 1280w, https:\/\/pjcanindeyu.gov.py\/wp-content\/uploads\/2025\/04\/Taller-de-Ninez-CTY-2.jpeg 1600w\" sizes=\"auto, (max-width: 1024px) 100vw, 1024px\" \/><\/a><\/figure>\n\n\n\n<figure class=\"wp-block-image size-large\"><a href=\"https:\/\/pjcanindeyu.gov.py\/wp-content\/uploads\/2025\/04\/Taller-de-Ninez-CTY-3.jpeg\"><img loading=\"lazy\" decoding=\"async\" width=\"1024\" height=\"576\" data-id=\"4507\" src=\"https:\/\/pjcanindeyu.gov.py\/wp-content\/uploads\/2025\/04\/Taller-de-Ninez-CTY-3-1024x576.jpeg\" alt=\"\" class=\"wp-image-4507\" srcset=\"https:\/\/pjcanindeyu.gov.py\/wp-content\/uploads\/2025\/04\/Taller-de-Ninez-CTY-3-1024x576.jpeg 1024w, https:\/\/pjcanindeyu.gov.py\/wp-content\/uploads\/2025\/04\/Taller-de-Ninez-CTY-3-300x169.jpeg 300w, https:\/\/pjcanindeyu.gov.py\/wp-content\/uploads\/2025\/04\/Taller-de-Ninez-CTY-3-768x432.jpeg 768w, https:\/\/pjcanindeyu.gov.py\/wp-content\/uploads\/2025\/04\/Taller-de-Ninez-CTY-3-1536x864.jpeg 1536w, https:\/\/pjcanindeyu.gov.py\/wp-content\/uploads\/2025\/04\/Taller-de-Ninez-CTY-3-1280x720.jpeg 1280w, https:\/\/pjcanindeyu.gov.py\/wp-content\/uploads\/2025\/04\/Taller-de-Ninez-CTY-3.jpeg 1600w\" sizes=\"auto, (max-width: 1024px) 100vw, 1024px\" \/><\/a><\/figure>\n\n\n\n<figure class=\"wp-block-image size-large\"><a href=\"https:\/\/pjcanindeyu.gov.py\/wp-content\/uploads\/2025\/04\/Taller-de-Ninez-CTY-4.jpeg\"><img loading=\"lazy\" decoding=\"async\" width=\"1024\" height=\"576\" data-id=\"4509\" src=\"https:\/\/pjcanindeyu.gov.py\/wp-content\/uploads\/2025\/04\/Taller-de-Ninez-CTY-4-1024x576.jpeg\" alt=\"\" class=\"wp-image-4509\" srcset=\"https:\/\/pjcanindeyu.gov.py\/wp-content\/uploads\/2025\/04\/Taller-de-Ninez-CTY-4-1024x576.jpeg 1024w, https:\/\/pjcanindeyu.gov.py\/wp-content\/uploads\/2025\/04\/Taller-de-Ninez-CTY-4-300x169.jpeg 300w, https:\/\/pjcanindeyu.gov.py\/wp-content\/uploads\/2025\/04\/Taller-de-Ninez-CTY-4-768x432.jpeg 768w, https:\/\/pjcanindeyu.gov.py\/wp-content\/uploads\/2025\/04\/Taller-de-Ninez-CTY-4.jpeg 1280w\" sizes=\"auto, (max-width: 1024px) 100vw, 1024px\" \/><\/a><\/figure>\n\n\n\n<figure class=\"wp-block-image size-large\"><a href=\"https:\/\/pjcanindeyu.gov.py\/wp-content\/uploads\/2025\/04\/Taller-de-Ninez-CTY-5.jpeg\"><img loading=\"lazy\" decoding=\"async\" width=\"1024\" height=\"576\" data-id=\"4508\" src=\"https:\/\/pjcanindeyu.gov.py\/wp-content\/uploads\/2025\/04\/Taller-de-Ninez-CTY-5-1024x576.jpeg\" alt=\"\" class=\"wp-image-4508\" srcset=\"https:\/\/pjcanindeyu.gov.py\/wp-content\/uploads\/2025\/04\/Taller-de-Ninez-CTY-5-1024x576.jpeg 1024w, https:\/\/pjcanindeyu.gov.py\/wp-content\/uploads\/2025\/04\/Taller-de-Ninez-CTY-5-300x169.jpeg 300w, https:\/\/pjcanindeyu.gov.py\/wp-content\/uploads\/2025\/04\/Taller-de-Ninez-CTY-5-768x432.jpeg 768w, https:\/\/pjcanindeyu.gov.py\/wp-content\/uploads\/2025\/04\/Taller-de-Ninez-CTY-5.jpeg 1280w\" sizes=\"auto, (max-width: 1024px) 100vw, 1024px\" \/><\/a><\/figure>\n\n\n\n<figure class=\"wp-block-image size-large\"><a href=\"https:\/\/pjcanindeyu.gov.py\/wp-content\/uploads\/2025\/04\/Taller-de-Ninez-CTY-8.jpeg\"><img loading=\"lazy\" decoding=\"async\" width=\"1024\" height=\"576\" data-id=\"4511\" src=\"https:\/\/pjcanindeyu.gov.py\/wp-content\/uploads\/2025\/04\/Taller-de-Ninez-CTY-8-1024x576.jpeg\" alt=\"\" class=\"wp-image-4511\" srcset=\"https:\/\/pjcanindeyu.gov.py\/wp-content\/uploads\/2025\/04\/Taller-de-Ninez-CTY-8-1024x576.jpeg 1024w, https:\/\/pjcanindeyu.gov.py\/wp-content\/uploads\/2025\/04\/Taller-de-Ninez-CTY-8-300x169.jpeg 300w, https:\/\/pjcanindeyu.gov.py\/wp-content\/uploads\/2025\/04\/Taller-de-Ninez-CTY-8-768x432.jpeg 768w, https:\/\/pjcanindeyu.gov.py\/wp-content\/uploads\/2025\/04\/Taller-de-Ninez-CTY-8.jpeg 1280w\" sizes=\"auto, (max-width: 1024px) 100vw, 1024px\" \/><\/a><\/figure>\n\n\n\n<figure class=\"wp-block-image size-large\"><a href=\"https:\/\/pjcanindeyu.gov.py\/wp-content\/uploads\/2025\/04\/Taller-de-Ninez-CTY-32.jpeg\"><img loading=\"lazy\" decoding=\"async\" width=\"1024\" height=\"576\" data-id=\"4512\" src=\"https:\/\/pjcanindeyu.gov.py\/wp-content\/uploads\/2025\/04\/Taller-de-Ninez-CTY-32-1024x576.jpeg\" alt=\"\" class=\"wp-image-4512\" srcset=\"https:\/\/pjcanindeyu.gov.py\/wp-content\/uploads\/2025\/04\/Taller-de-Ninez-CTY-32-1024x576.jpeg 1024w, https:\/\/pjcanindeyu.gov.py\/wp-content\/uploads\/2025\/04\/Taller-de-Ninez-CTY-32-300x169.jpeg 300w, https:\/\/pjcanindeyu.gov.py\/wp-content\/uploads\/2025\/04\/Taller-de-Ninez-CTY-32-768x432.jpeg 768w, https:\/\/pjcanindeyu.gov.py\/wp-content\/uploads\/2025\/04\/Taller-de-Ninez-CTY-32.jpeg 1280w\" sizes=\"auto, (max-width: 1024px) 100vw, 1024px\" \/><\/a><\/figure>\n\n\n\n<figure class=\"wp-block-image size-large\"><a href=\"https:\/\/pjcanindeyu.gov.py\/wp-content\/uploads\/2025\/04\/Taller-de-Ninez-CTY.jpeg\"><img loading=\"lazy\" decoding=\"async\" width=\"1024\" height=\"674\" data-id=\"4513\" src=\"https:\/\/pjcanindeyu.gov.py\/wp-content\/uploads\/2025\/04\/Taller-de-Ninez-CTY-1024x674.jpeg\" alt=\"\" class=\"wp-image-4513\" srcset=\"https:\/\/pjcanindeyu.gov.py\/wp-content\/uploads\/2025\/04\/Taller-de-Ninez-CTY-1024x674.jpeg 1024w, https:\/\/pjcanindeyu.gov.py\/wp-content\/uploads\/2025\/04\/Taller-de-Ninez-CTY-300x197.jpeg 300w, https:\/\/pjcanindeyu.gov.py\/wp-content\/uploads\/2025\/04\/Taller-de-Ninez-CTY-768x505.jpeg 768w, https:\/\/pjcanindeyu.gov.py\/wp-content\/uploads\/2025\/04\/Taller-de-Ninez-CTY-1536x1011.jpeg 1536w, https:\/\/pjcanindeyu.gov.py\/wp-content\/uploads\/2025\/04\/Taller-de-Ninez-CTY.jpeg 1599w\" sizes=\"auto, (max-width: 1024px) 100vw, 1024px\" \/><\/a><\/figure>\n\n\n\n<figure class=\"wp-block-image size-large\"><a href=\"https:\/\/pjcanindeyu.gov.py\/wp-content\/uploads\/2025\/04\/Taller-de-Ninez-CTY-6.jpeg\"><img loading=\"lazy\" decoding=\"async\" width=\"1024\" height=\"562\" data-id=\"4510\" src=\"https:\/\/pjcanindeyu.gov.py\/wp-content\/uploads\/2025\/04\/Taller-de-Ninez-CTY-6-1024x562.jpeg\" alt=\"\" class=\"wp-image-4510\" srcset=\"https:\/\/pjcanindeyu.gov.py\/wp-content\/uploads\/2025\/04\/Taller-de-Ninez-CTY-6-1024x562.jpeg 1024w, https:\/\/pjcanindeyu.gov.py\/wp-content\/uploads\/2025\/04\/Taller-de-Ninez-CTY-6-300x165.jpeg 300w, https:\/\/pjcanindeyu.gov.py\/wp-content\/uploads\/2025\/04\/Taller-de-Ninez-CTY-6-768x421.jpeg 768w, https:\/\/pjcanindeyu.gov.py\/wp-content\/uploads\/2025\/04\/Taller-de-Ninez-CTY-6.jpeg 1280w\" sizes=\"auto, (max-width: 1024px) 100vw, 1024px\" \/><\/a><\/figure>\n<\/figure>\n\n\n\n<p>El objetivo del taller fue analizar los resultados de la POLNA 2014-2024 y el PNA 2022-2024. Adem\u00e1s, se recopilaron propuestas para dise\u00f1ar la nueva pol\u00edtica y su plan de acci\u00f3n. La metodolog\u00eda aplicada incluy\u00f3 un diagn\u00f3stico territorial que identific\u00f3 las necesidades, fortalezas y desaf\u00edos de Canindey\u00fa.<\/p>\n\n\n\n<p>Antes del taller, la viceministra de Desarrollo Regional, Ver\u00f3nica Arg\u00fcello, present\u00f3 el programa <a href=\"https:\/\/www.facebook.com\/hashtag\/familiasdelaguarda?__eep__=6&amp;__cft__[0]=AZV-BSeRh9MEP-zAEHVeJw0zDGpfZDm2S8W--xf9VHkxGIVGqiFf-8qtVHcxV1noaEgIHq1KDUwQ_hN_ZlVuNjNjutRi6exLGTTUTqaF-90kwRi1wFRox6xJnY-5BUljyOZSX50xPKcQoATJzzjUBqJYkuwKYmwqqnBUZ5JhylkIMX2QXoYE3qz2g382Zquxpp0&amp;__tn__=*NK-R\">#FamiliasDeLaGuarda<\/a>. Esta iniciativa busca ofrecer cuidado alternativo a ni\u00f1os, ni\u00f1as y adolescentes separados de sus familias. El programa se alinea con la Ley 6486\/2020 y promueve entornos seguros mediante evaluaciones psicosociales de familias acogedoras y adoptantes. Los Juzgados de Ni\u00f1ez y Adolescencia supervisan este proceso. En el evento participaron representantes de instituciones p\u00fablicas, organizaciones civiles, comisiones vecinales y ciudadanos.<\/p>\n","protected":false},"excerpt":{"rendered":"<p>La XV Circunscripci\u00f3n Judicial de Canindey\u00fa particip\u00f3 en el Taller Territorial y Audiencia P\u00fablica para la formulaci\u00f3n de la Pol\u00edtica P\u00fablica de Ni\u00f1ez y Adolescencia (POLNA 2025-2035) y su Plan Nacional de Acci\u00f3n (PNA 2025-2030). El evento fue organizado por el Consejo Nacional de Ni\u00f1ez y Adolescencia. La actividad se [&hellip;]<\/p>\n","protected":false},"author":1,"featured_media":4510,"comment_status":"open","ping_status":"closed","sticky":false,"template":"","format":"standard","meta":{"footnotes":""},"categories":[2],"tags":[],"class_list":["post-4504","post","type-post","status-publish","format-standard","has-post-thumbnail","hentry","category-notas"],"_links":{"self":[{"href":"https:\/\/pjcanindeyu.gov.py\/index.php?rest_route=\/wp\/v2\/posts\/4504","targetHints":{"allow":["GET"]}}],"collection":[{"href":"https:\/\/pjcanindeyu.gov.py\/index.php?rest_route=\/wp\/v2\/posts"}],"about":[{"href":"https:\/\/pjcanindeyu.gov.py\/index.php?rest_route=\/wp\/v2\/types\/post"}],"author":[{"embeddable":true,"href":"https:\/\/pjcanindeyu.gov.py\/index.php?rest_route=\/wp\/v2\/users\/1"}],"replies":[{"embeddable":true,"href":"https:\/\/pjcanindeyu.gov.py\/index.php?rest_route=%2Fwp%2Fv2%2Fcomments&post=4504"}],"version-history":[{"count":1,"href":"https:\/\/pjcanindeyu.gov.py\/index.php?rest_route=\/wp\/v2\/posts\/4504\/revisions"}],"predecessor-version":[{"id":4514,"href":"https:\/\/pjcanindeyu.gov.py\/index.php?rest_route=\/wp\/v2\/posts\/4504\/revisions\/4514"}],"wp:featuredmedia":[{"embeddable":true,"href":"https:\/\/pjcanindeyu.gov.py\/index.php?rest_route=\/wp\/v2\/media\/4510"}],"wp:attachment":[{"href":"https:\/\/pjcanindeyu.gov.py\/index.php?rest_route=%2Fwp%2Fv2%2Fmedia&parent=4504"}],"wp:term":[{"taxonomy":"category","embeddable":true,"href":"https:\/\/pjcanindeyu.gov.py\/index.php?rest_route=%2Fwp%2Fv2%2Fcategories&post=4504"},{"taxonomy":"post_tag","embeddable":true,"href":"https:\/\/pjcanindeyu.gov.py\/index.php?rest_route=%2Fwp%2Fv2%2Ftags&post=4504"}],"curies":[{"name":"wp","href":"https:\/\/api.w.org\/{rel}","templated":true}]}}