
{"id":4533,"date":"2025-04-24T10:54:55","date_gmt":"2025-04-24T14:54:55","guid":{"rendered":"https:\/\/pjcanindeyu.gov.py\/?p=4533"},"modified":"2025-04-24T11:00:58","modified_gmt":"2025-04-24T15:00:58","slug":"corte-suprema-de-justicia-autoriza-traslado-de-la-sede-del-juzgado-de-paz-de-yasy-cany","status":"publish","type":"post","link":"https:\/\/pjcanindeyu.gov.py\/?p=4533","title":{"rendered":"Corte Suprema de Justicia autoriza traslado de la sede del Juzgado de Paz de Yasy Ca\u00f1y"},"content":{"rendered":"\n<p>La Corte Suprema de Justicia, resolvi\u00f3 autorizar el traslado y la habilitaci\u00f3n de la nueva sede del Juzgado de Paz de Yasy Ca\u00f1y. Al efecto, decret\u00f3 la suspensi\u00f3n de los plazos procesales y de las actividades judiciales el d\u00eda mi\u00e9rcoles 30 de abril del cte., con la finalidad de facilitar el traslado y puesta en funcionamiento de la unidad judicial en el nuevo local.<\/p>\n\n\n\n<p>Se estableci\u00f3 adem\u00e1s <a><\/a>que los plazos procesales que vencen en el referido d\u00eda, fenezcan el d\u00eda 2 de mayo del 2025, fecha en la cual todos los servicios que brinda el juzgado a los usuarios estar\u00e1n reestablecidos y ser\u00e1n brindados desde la nueva sede judicial ubicada sobre la Ruta PY 03 Km 227, Barrio San Roque. La acci\u00f3n administrativa del Consejo de Administraci\u00f3n de la Circunscripci\u00f3n, visa mejorar las condiciones de trabajo y consolidar la prestaci\u00f3n del servicio a favor de los usuarios del sistema en esa jurisdicci\u00f3n.<\/p>\n\n\n\n<figure class=\"wp-block-embed is-type-video is-provider-youtube wp-block-embed-youtube wp-embed-aspect-16-9 wp-has-aspect-ratio\"><div class=\"wp-block-embed__wrapper\">\n<iframe loading=\"lazy\" title=\"Corte Suprema de Justicia autoriza traslado de la sede del Juzgado de Paz de Yasy Ca\u00f1y\" width=\"500\" height=\"281\" src=\"https:\/\/www.youtube.com\/embed\/3QwFoJWJZyI?feature=oembed\" frameborder=\"0\" allow=\"accelerometer; autoplay; clipboard-write; encrypted-media; gyroscope; picture-in-picture; web-share\" referrerpolicy=\"strict-origin-when-cross-origin\" allowfullscreen><\/iframe>\n<\/div><\/figure>\n","protected":false},"excerpt":{"rendered":"<p>La Corte Suprema de Justicia, resolvi\u00f3 autorizar el traslado y la habilitaci\u00f3n de la nueva sede del Juzgado de Paz de Yasy Ca\u00f1y. Al efecto, decret\u00f3 la suspensi\u00f3n de los plazos procesales y de las actividades judiciales el d\u00eda mi\u00e9rcoles 30 de abril del cte., con la finalidad de facilitar [&hellip;]<\/p>\n","protected":false},"author":1,"featured_media":4534,"comment_status":"open","ping_status":"closed","sticky":false,"template":"","format":"standard","meta":{"footnotes":""},"categories":[2],"tags":[],"class_list":["post-4533","post","type-post","status-publish","format-standard","has-post-thumbnail","hentry","category-notas"],"_links":{"self":[{"href":"https:\/\/pjcanindeyu.gov.py\/index.php?rest_route=\/wp\/v2\/posts\/4533","targetHints":{"allow":["GET"]}}],"collection":[{"href":"https:\/\/pjcanindeyu.gov.py\/index.php?rest_route=\/wp\/v2\/posts"}],"about":[{"href":"https:\/\/pjcanindeyu.gov.py\/index.php?rest_route=\/wp\/v2\/types\/post"}],"author":[{"embeddable":true,"href":"https:\/\/pjcanindeyu.gov.py\/index.php?rest_route=\/wp\/v2\/users\/1"}],"replies":[{"embeddable":true,"href":"https:\/\/pjcanindeyu.gov.py\/index.php?rest_route=%2Fwp%2Fv2%2Fcomments&post=4533"}],"version-history":[{"count":2,"href":"https:\/\/pjcanindeyu.gov.py\/index.php?rest_route=\/wp\/v2\/posts\/4533\/revisions"}],"predecessor-version":[{"id":4536,"href":"https:\/\/pjcanindeyu.gov.py\/index.php?rest_route=\/wp\/v2\/posts\/4533\/revisions\/4536"}],"wp:featuredmedia":[{"embeddable":true,"href":"https:\/\/pjcanindeyu.gov.py\/index.php?rest_route=\/wp\/v2\/media\/4534"}],"wp:attachment":[{"href":"https:\/\/pjcanindeyu.gov.py\/index.php?rest_route=%2Fwp%2Fv2%2Fmedia&parent=4533"}],"wp:term":[{"taxonomy":"category","embeddable":true,"href":"https:\/\/pjcanindeyu.gov.py\/index.php?rest_route=%2Fwp%2Fv2%2Fcategories&post=4533"},{"taxonomy":"post_tag","embeddable":true,"href":"https:\/\/pjcanindeyu.gov.py\/index.php?rest_route=%2Fwp%2Fv2%2Ftags&post=4533"}],"curies":[{"name":"wp","href":"https:\/\/api.w.org\/{rel}","templated":true}]}}