
{"id":4577,"date":"2025-05-05T10:57:04","date_gmt":"2025-05-05T14:57:04","guid":{"rendered":"https:\/\/pjcanindeyu.gov.py\/?p=4577"},"modified":"2025-05-05T10:57:43","modified_gmt":"2025-05-05T14:57:43","slug":"magistrada-maria-ysabel-davalos-asume-funciones-en-el-fuero-de-garantias-penal-de-saltos-del-guaira","status":"publish","type":"post","link":"https:\/\/pjcanindeyu.gov.py\/?p=4577","title":{"rendered":"Magistrada, Mar\u00eda Ysabel Davalos, asume funciones en el fuero de garant\u00edas penal de Saltos del Guair\u00e1"},"content":{"rendered":"\n<p>El Abg. Gustavo H. Br\u00edtez, Presidente del Consejo de Administraci\u00f3n de la Circunscripci\u00f3n Judicial, acompa\u00f1ado de las vicepresidentas Abg. Edith Mart\u00ednez y la Abg. Luz Teresita Torres encabezaron el acto protocolar simb\u00f3lico de posesi\u00f3n de cargo de la Magistrada, Mar\u00eda Ysabel D\u00e1valos Arr\u00faa, designada por la Corte Suprema de Justicia como Jueza Penal de Garant\u00edas N\u00ba 4 de Saltos del Guair\u00e1. La designaci\u00f3n se formaliza tras el cese del interinazgo que la Magistrada ejerc\u00eda en el Juzgado Penal de Garant\u00edas N\u00ba 1 de Curuguaty.<\/p>\n\n\n\n<p>En el acto se destac\u00f3 adem\u00e1s la labor de la Magistrada, Guillermina Gonz\u00e1lez quien fung\u00eda como interina de dicha dependencia judicial, garantizando el servicio de justicia a los usuarios. El acto cont\u00f3 asimismo con la presencia del Abg. Ram\u00f3n Trinidad Zelaya, Presidente del Tribunal de Apelaciones en lo Penal, magistrados de primera instancia, actuarios judiciales y funcionarios del Palacio de Justicia local.<\/p>\n\n\n\n<p>La incorporaci\u00f3n de la Magistrada a la estructura judicial de la sede de Saltos del Guaira, constituye un paso significativo a fin de regularizar y consolidar la prestaci\u00f3n del servicio a los usuarios del sistema de justicia penal en la regi\u00f3n.<\/p>\n\n\n\n<figure class=\"wp-block-gallery has-nested-images columns-5 is-cropped galeria wp-block-gallery-1 is-layout-flex wp-block-gallery-is-layout-flex\">\n<figure class=\"wp-block-image size-large\"><a href=\"https:\/\/pjcanindeyu.gov.py\/wp-content\/uploads\/2025\/05\/Maribel-1.jpeg\"><img loading=\"lazy\" decoding=\"async\" width=\"1024\" height=\"576\" data-id=\"4579\" src=\"https:\/\/pjcanindeyu.gov.py\/wp-content\/uploads\/2025\/05\/Maribel-1-1024x576.jpeg\" alt=\"\" class=\"wp-image-4579\" srcset=\"https:\/\/pjcanindeyu.gov.py\/wp-content\/uploads\/2025\/05\/Maribel-1-1024x576.jpeg 1024w, https:\/\/pjcanindeyu.gov.py\/wp-content\/uploads\/2025\/05\/Maribel-1-300x169.jpeg 300w, https:\/\/pjcanindeyu.gov.py\/wp-content\/uploads\/2025\/05\/Maribel-1-768x432.jpeg 768w, https:\/\/pjcanindeyu.gov.py\/wp-content\/uploads\/2025\/05\/Maribel-1-1536x864.jpeg 1536w, https:\/\/pjcanindeyu.gov.py\/wp-content\/uploads\/2025\/05\/Maribel-1-1280x720.jpeg 1280w, https:\/\/pjcanindeyu.gov.py\/wp-content\/uploads\/2025\/05\/Maribel-1.jpeg 1600w\" sizes=\"auto, (max-width: 1024px) 100vw, 1024px\" \/><\/a><\/figure>\n\n\n\n<figure class=\"wp-block-image size-large\"><a href=\"https:\/\/pjcanindeyu.gov.py\/wp-content\/uploads\/2025\/05\/Maribel-3.jpeg\"><img loading=\"lazy\" decoding=\"async\" width=\"1024\" height=\"576\" data-id=\"4580\" src=\"https:\/\/pjcanindeyu.gov.py\/wp-content\/uploads\/2025\/05\/Maribel-3-1024x576.jpeg\" alt=\"\" class=\"wp-image-4580\" srcset=\"https:\/\/pjcanindeyu.gov.py\/wp-content\/uploads\/2025\/05\/Maribel-3-1024x576.jpeg 1024w, https:\/\/pjcanindeyu.gov.py\/wp-content\/uploads\/2025\/05\/Maribel-3-300x169.jpeg 300w, https:\/\/pjcanindeyu.gov.py\/wp-content\/uploads\/2025\/05\/Maribel-3-768x432.jpeg 768w, https:\/\/pjcanindeyu.gov.py\/wp-content\/uploads\/2025\/05\/Maribel-3-1536x864.jpeg 1536w, https:\/\/pjcanindeyu.gov.py\/wp-content\/uploads\/2025\/05\/Maribel-3-1280x720.jpeg 1280w, https:\/\/pjcanindeyu.gov.py\/wp-content\/uploads\/2025\/05\/Maribel-3.jpeg 1600w\" sizes=\"auto, (max-width: 1024px) 100vw, 1024px\" \/><\/a><\/figure>\n\n\n\n<figure class=\"wp-block-image size-large\"><a href=\"https:\/\/pjcanindeyu.gov.py\/wp-content\/uploads\/2025\/05\/Maribel-4.jpeg\"><img loading=\"lazy\" decoding=\"async\" width=\"1024\" height=\"576\" data-id=\"4581\" src=\"https:\/\/pjcanindeyu.gov.py\/wp-content\/uploads\/2025\/05\/Maribel-4-1024x576.jpeg\" alt=\"\" class=\"wp-image-4581\" srcset=\"https:\/\/pjcanindeyu.gov.py\/wp-content\/uploads\/2025\/05\/Maribel-4-1024x576.jpeg 1024w, https:\/\/pjcanindeyu.gov.py\/wp-content\/uploads\/2025\/05\/Maribel-4-300x169.jpeg 300w, https:\/\/pjcanindeyu.gov.py\/wp-content\/uploads\/2025\/05\/Maribel-4-768x432.jpeg 768w, https:\/\/pjcanindeyu.gov.py\/wp-content\/uploads\/2025\/05\/Maribel-4-1536x864.jpeg 1536w, https:\/\/pjcanindeyu.gov.py\/wp-content\/uploads\/2025\/05\/Maribel-4-1280x720.jpeg 1280w, https:\/\/pjcanindeyu.gov.py\/wp-content\/uploads\/2025\/05\/Maribel-4.jpeg 1600w\" sizes=\"auto, (max-width: 1024px) 100vw, 1024px\" \/><\/a><\/figure>\n\n\n\n<figure class=\"wp-block-image size-large\"><a href=\"https:\/\/pjcanindeyu.gov.py\/wp-content\/uploads\/2025\/05\/Maribel-5.jpeg\"><img loading=\"lazy\" decoding=\"async\" width=\"1024\" height=\"576\" data-id=\"4582\" src=\"https:\/\/pjcanindeyu.gov.py\/wp-content\/uploads\/2025\/05\/Maribel-5-1024x576.jpeg\" alt=\"\" class=\"wp-image-4582\" srcset=\"https:\/\/pjcanindeyu.gov.py\/wp-content\/uploads\/2025\/05\/Maribel-5-1024x576.jpeg 1024w, https:\/\/pjcanindeyu.gov.py\/wp-content\/uploads\/2025\/05\/Maribel-5-300x169.jpeg 300w, https:\/\/pjcanindeyu.gov.py\/wp-content\/uploads\/2025\/05\/Maribel-5-768x432.jpeg 768w, https:\/\/pjcanindeyu.gov.py\/wp-content\/uploads\/2025\/05\/Maribel-5-1536x864.jpeg 1536w, https:\/\/pjcanindeyu.gov.py\/wp-content\/uploads\/2025\/05\/Maribel-5-1280x720.jpeg 1280w, https:\/\/pjcanindeyu.gov.py\/wp-content\/uploads\/2025\/05\/Maribel-5.jpeg 1600w\" sizes=\"auto, (max-width: 1024px) 100vw, 1024px\" \/><\/a><\/figure>\n\n\n\n<figure class=\"wp-block-image size-large\"><a href=\"https:\/\/pjcanindeyu.gov.py\/wp-content\/uploads\/2025\/05\/Maribel-6.jpeg\"><img loading=\"lazy\" decoding=\"async\" width=\"1024\" height=\"576\" data-id=\"4583\" src=\"https:\/\/pjcanindeyu.gov.py\/wp-content\/uploads\/2025\/05\/Maribel-6-1024x576.jpeg\" alt=\"\" class=\"wp-image-4583\" srcset=\"https:\/\/pjcanindeyu.gov.py\/wp-content\/uploads\/2025\/05\/Maribel-6-1024x576.jpeg 1024w, https:\/\/pjcanindeyu.gov.py\/wp-content\/uploads\/2025\/05\/Maribel-6-300x169.jpeg 300w, https:\/\/pjcanindeyu.gov.py\/wp-content\/uploads\/2025\/05\/Maribel-6-768x432.jpeg 768w, https:\/\/pjcanindeyu.gov.py\/wp-content\/uploads\/2025\/05\/Maribel-6-1536x864.jpeg 1536w, https:\/\/pjcanindeyu.gov.py\/wp-content\/uploads\/2025\/05\/Maribel-6-1280x720.jpeg 1280w, https:\/\/pjcanindeyu.gov.py\/wp-content\/uploads\/2025\/05\/Maribel-6.jpeg 1600w\" sizes=\"auto, (max-width: 1024px) 100vw, 1024px\" \/><\/a><\/figure>\n\n\n\n<figure class=\"wp-block-image size-large galeria\"><a href=\"https:\/\/pjcanindeyu.gov.py\/wp-content\/uploads\/2025\/05\/Maribel-2.jpeg\"><img loading=\"lazy\" decoding=\"async\" width=\"1024\" height=\"576\" data-id=\"4578\" src=\"https:\/\/pjcanindeyu.gov.py\/wp-content\/uploads\/2025\/05\/Maribel-2-1024x576.jpeg\" alt=\"\" class=\"wp-image-4578\" srcset=\"https:\/\/pjcanindeyu.gov.py\/wp-content\/uploads\/2025\/05\/Maribel-2-1024x576.jpeg 1024w, https:\/\/pjcanindeyu.gov.py\/wp-content\/uploads\/2025\/05\/Maribel-2-300x169.jpeg 300w, https:\/\/pjcanindeyu.gov.py\/wp-content\/uploads\/2025\/05\/Maribel-2-768x432.jpeg 768w, https:\/\/pjcanindeyu.gov.py\/wp-content\/uploads\/2025\/05\/Maribel-2-1536x864.jpeg 1536w, https:\/\/pjcanindeyu.gov.py\/wp-content\/uploads\/2025\/05\/Maribel-2-1280x720.jpeg 1280w, https:\/\/pjcanindeyu.gov.py\/wp-content\/uploads\/2025\/05\/Maribel-2.jpeg 1600w\" sizes=\"auto, (max-width: 1024px) 100vw, 1024px\" \/><\/a><\/figure>\n<\/figure>\n","protected":false},"excerpt":{"rendered":"<p>El Abg. Gustavo H. Br\u00edtez, Presidente del Consejo de Administraci\u00f3n de la Circunscripci\u00f3n Judicial, acompa\u00f1ado de las vicepresidentas Abg. Edith Mart\u00ednez y la Abg. Luz Teresita Torres encabezaron el acto protocolar simb\u00f3lico de posesi\u00f3n de cargo de la Magistrada, Mar\u00eda Ysabel D\u00e1valos Arr\u00faa, designada por la Corte Suprema de Justicia [&hellip;]<\/p>\n","protected":false},"author":1,"featured_media":4578,"comment_status":"open","ping_status":"closed","sticky":false,"template":"","format":"standard","meta":{"footnotes":""},"categories":[2],"tags":[],"class_list":["post-4577","post","type-post","status-publish","format-standard","has-post-thumbnail","hentry","category-notas"],"_links":{"self":[{"href":"https:\/\/pjcanindeyu.gov.py\/index.php?rest_route=\/wp\/v2\/posts\/4577","targetHints":{"allow":["GET"]}}],"collection":[{"href":"https:\/\/pjcanindeyu.gov.py\/index.php?rest_route=\/wp\/v2\/posts"}],"about":[{"href":"https:\/\/pjcanindeyu.gov.py\/index.php?rest_route=\/wp\/v2\/types\/post"}],"author":[{"embeddable":true,"href":"https:\/\/pjcanindeyu.gov.py\/index.php?rest_route=\/wp\/v2\/users\/1"}],"replies":[{"embeddable":true,"href":"https:\/\/pjcanindeyu.gov.py\/index.php?rest_route=%2Fwp%2Fv2%2Fcomments&post=4577"}],"version-history":[{"count":2,"href":"https:\/\/pjcanindeyu.gov.py\/index.php?rest_route=\/wp\/v2\/posts\/4577\/revisions"}],"predecessor-version":[{"id":4585,"href":"https:\/\/pjcanindeyu.gov.py\/index.php?rest_route=\/wp\/v2\/posts\/4577\/revisions\/4585"}],"wp:featuredmedia":[{"embeddable":true,"href":"https:\/\/pjcanindeyu.gov.py\/index.php?rest_route=\/wp\/v2\/media\/4578"}],"wp:attachment":[{"href":"https:\/\/pjcanindeyu.gov.py\/index.php?rest_route=%2Fwp%2Fv2%2Fmedia&parent=4577"}],"wp:term":[{"taxonomy":"category","embeddable":true,"href":"https:\/\/pjcanindeyu.gov.py\/index.php?rest_route=%2Fwp%2Fv2%2Fcategories&post=4577"},{"taxonomy":"post_tag","embeddable":true,"href":"https:\/\/pjcanindeyu.gov.py\/index.php?rest_route=%2Fwp%2Fv2%2Ftags&post=4577"}],"curies":[{"name":"wp","href":"https:\/\/api.w.org\/{rel}","templated":true}]}}