
{"id":4587,"date":"2025-04-30T15:01:00","date_gmt":"2025-04-30T19:01:00","guid":{"rendered":"https:\/\/pjcanindeyu.gov.py\/?p=4587"},"modified":"2025-05-05T11:05:18","modified_gmt":"2025-05-05T15:05:18","slug":"corte-suprema-de-justicia-toma-juramento-a-magistrados-y-dispone-de-comisionamientos-en-la-circunscripcion-judicial-de-canindeyu","status":"publish","type":"post","link":"https:\/\/pjcanindeyu.gov.py\/?p=4587","title":{"rendered":"Corte Suprema de Justicia toma juramento a magistrados y dispone de comisionamientos en la Circunscripci\u00f3n Judicial de Canindey\u00fa"},"content":{"rendered":"\n<p>En la jornada, prestaron juramento ante los ministros de Corte, el novel Juez Penal de Garant\u00edas de Curuguaty, Abg. Marcos Gim\u00e9nez Rivas y el Juez Penal de Sentencia de Saltos del Guair\u00e1, Abg. Benito Ram\u00f3n Gonz\u00e1lez.<\/p>\n\n\n\n<p>Asimismo, en sesi\u00f3n plenaria del d\u00eda de la fecha, y con la finalidad de asegurar la prestaci\u00f3n del servicio de justicia, la Corte Suprema de Justicia ha resuelto:<\/p>\n\n\n\n<p>1. Dejar sin efecto los comisionamientos de la Abg. Mar\u00eda Ysabel D\u00e1valos, Jueza Penal de Garant\u00edas N\u00ba 4 de Saltos del Guair\u00e1, como Jueza Interina Penal de Garant\u00edas N\u00ba 1 de Curuguaty, y, de la Abg. Guillermina Gonz\u00e1lez, Jueza Penal de Garant\u00edas N\u00ba 1 de Saltos del Guair\u00e1 en el Juzgado Penal de Garant\u00edas N\u00ba 4.<\/p>\n\n\n\n<p>2. Comisionar sin perjuicios de sus funciones, al Abg. Marcos Gim\u00e9nez Rivas, Juez Penal de Garant\u00edas N\u00ba 3 y Penal Adolescente de Curuguaty, a interinar hasta nueva disposici\u00f3n, el Juzgado Penal de Garant\u00edas N\u00ba 1 de Curuguaty.<\/p>\n\n\n\n<p>3. Comisionar a la Abg. B\u00e1rbara Peralta, Jueza de Paz de Puerto Adela, como magistrada interina del Juzgado de Paz de Katuet\u00e9, sin perjuicio de sus funciones.<\/p>\n\n\n\n<figure class=\"wp-block-gallery has-nested-images columns-5 is-cropped galeria wp-block-gallery-1 is-layout-flex wp-block-gallery-is-layout-flex\">\n<figure class=\"wp-block-image size-large\"><a href=\"https:\/\/pjcanindeyu.gov.py\/wp-content\/uploads\/2025\/05\/Juramento-Benito-y-Marcos-1.jpeg\"><img loading=\"lazy\" decoding=\"async\" width=\"1024\" height=\"682\" data-id=\"4588\" src=\"https:\/\/pjcanindeyu.gov.py\/wp-content\/uploads\/2025\/05\/Juramento-Benito-y-Marcos-1-1024x682.jpeg\" alt=\"\" class=\"wp-image-4588\" srcset=\"https:\/\/pjcanindeyu.gov.py\/wp-content\/uploads\/2025\/05\/Juramento-Benito-y-Marcos-1-1024x682.jpeg 1024w, https:\/\/pjcanindeyu.gov.py\/wp-content\/uploads\/2025\/05\/Juramento-Benito-y-Marcos-1-300x200.jpeg 300w, https:\/\/pjcanindeyu.gov.py\/wp-content\/uploads\/2025\/05\/Juramento-Benito-y-Marcos-1-768x512.jpeg 768w, https:\/\/pjcanindeyu.gov.py\/wp-content\/uploads\/2025\/05\/Juramento-Benito-y-Marcos-1-1536x1023.jpeg 1536w, https:\/\/pjcanindeyu.gov.py\/wp-content\/uploads\/2025\/05\/Juramento-Benito-y-Marcos-1.jpeg 1600w\" sizes=\"auto, (max-width: 1024px) 100vw, 1024px\" \/><\/a><\/figure>\n\n\n\n<figure class=\"wp-block-image size-large\"><a href=\"https:\/\/pjcanindeyu.gov.py\/wp-content\/uploads\/2025\/05\/Juramento-Benito-y-Marcos-2.jpeg\"><img loading=\"lazy\" decoding=\"async\" width=\"1024\" height=\"682\" data-id=\"4589\" src=\"https:\/\/pjcanindeyu.gov.py\/wp-content\/uploads\/2025\/05\/Juramento-Benito-y-Marcos-2-1024x682.jpeg\" alt=\"\" class=\"wp-image-4589\" srcset=\"https:\/\/pjcanindeyu.gov.py\/wp-content\/uploads\/2025\/05\/Juramento-Benito-y-Marcos-2-1024x682.jpeg 1024w, https:\/\/pjcanindeyu.gov.py\/wp-content\/uploads\/2025\/05\/Juramento-Benito-y-Marcos-2-300x200.jpeg 300w, https:\/\/pjcanindeyu.gov.py\/wp-content\/uploads\/2025\/05\/Juramento-Benito-y-Marcos-2-768x512.jpeg 768w, https:\/\/pjcanindeyu.gov.py\/wp-content\/uploads\/2025\/05\/Juramento-Benito-y-Marcos-2-1536x1023.jpeg 1536w, https:\/\/pjcanindeyu.gov.py\/wp-content\/uploads\/2025\/05\/Juramento-Benito-y-Marcos-2.jpeg 1600w\" sizes=\"auto, (max-width: 1024px) 100vw, 1024px\" \/><\/a><\/figure>\n\n\n\n<figure class=\"wp-block-image size-large\"><a href=\"https:\/\/pjcanindeyu.gov.py\/wp-content\/uploads\/2025\/05\/Juramento-Benito-y-Marcos-3.jpeg\"><img loading=\"lazy\" decoding=\"async\" width=\"1024\" height=\"682\" data-id=\"4590\" src=\"https:\/\/pjcanindeyu.gov.py\/wp-content\/uploads\/2025\/05\/Juramento-Benito-y-Marcos-3-1024x682.jpeg\" alt=\"\" class=\"wp-image-4590\" srcset=\"https:\/\/pjcanindeyu.gov.py\/wp-content\/uploads\/2025\/05\/Juramento-Benito-y-Marcos-3-1024x682.jpeg 1024w, https:\/\/pjcanindeyu.gov.py\/wp-content\/uploads\/2025\/05\/Juramento-Benito-y-Marcos-3-300x200.jpeg 300w, https:\/\/pjcanindeyu.gov.py\/wp-content\/uploads\/2025\/05\/Juramento-Benito-y-Marcos-3-768x512.jpeg 768w, https:\/\/pjcanindeyu.gov.py\/wp-content\/uploads\/2025\/05\/Juramento-Benito-y-Marcos-3-1536x1023.jpeg 1536w, https:\/\/pjcanindeyu.gov.py\/wp-content\/uploads\/2025\/05\/Juramento-Benito-y-Marcos-3.jpeg 1600w\" sizes=\"auto, (max-width: 1024px) 100vw, 1024px\" \/><\/a><\/figure>\n\n\n\n<figure class=\"wp-block-image size-large\"><a href=\"https:\/\/pjcanindeyu.gov.py\/wp-content\/uploads\/2025\/05\/Juramento-Benito-y-Marcos-4.jpeg\"><img loading=\"lazy\" decoding=\"async\" width=\"1024\" height=\"682\" data-id=\"4591\" src=\"https:\/\/pjcanindeyu.gov.py\/wp-content\/uploads\/2025\/05\/Juramento-Benito-y-Marcos-4-1024x682.jpeg\" alt=\"\" class=\"wp-image-4591\" srcset=\"https:\/\/pjcanindeyu.gov.py\/wp-content\/uploads\/2025\/05\/Juramento-Benito-y-Marcos-4-1024x682.jpeg 1024w, https:\/\/pjcanindeyu.gov.py\/wp-content\/uploads\/2025\/05\/Juramento-Benito-y-Marcos-4-300x200.jpeg 300w, https:\/\/pjcanindeyu.gov.py\/wp-content\/uploads\/2025\/05\/Juramento-Benito-y-Marcos-4-768x512.jpeg 768w, https:\/\/pjcanindeyu.gov.py\/wp-content\/uploads\/2025\/05\/Juramento-Benito-y-Marcos-4-1536x1023.jpeg 1536w, https:\/\/pjcanindeyu.gov.py\/wp-content\/uploads\/2025\/05\/Juramento-Benito-y-Marcos-4.jpeg 1600w\" sizes=\"auto, (max-width: 1024px) 100vw, 1024px\" \/><\/a><\/figure>\n\n\n\n<figure class=\"wp-block-image size-large\"><a href=\"https:\/\/pjcanindeyu.gov.py\/wp-content\/uploads\/2025\/05\/Juramento-Benito-y-Marcos-5.jpeg\"><img loading=\"lazy\" decoding=\"async\" width=\"1024\" height=\"682\" data-id=\"4592\" src=\"https:\/\/pjcanindeyu.gov.py\/wp-content\/uploads\/2025\/05\/Juramento-Benito-y-Marcos-5-1024x682.jpeg\" alt=\"\" class=\"wp-image-4592\" srcset=\"https:\/\/pjcanindeyu.gov.py\/wp-content\/uploads\/2025\/05\/Juramento-Benito-y-Marcos-5-1024x682.jpeg 1024w, https:\/\/pjcanindeyu.gov.py\/wp-content\/uploads\/2025\/05\/Juramento-Benito-y-Marcos-5-300x200.jpeg 300w, https:\/\/pjcanindeyu.gov.py\/wp-content\/uploads\/2025\/05\/Juramento-Benito-y-Marcos-5-768x512.jpeg 768w, https:\/\/pjcanindeyu.gov.py\/wp-content\/uploads\/2025\/05\/Juramento-Benito-y-Marcos-5-1536x1023.jpeg 1536w, https:\/\/pjcanindeyu.gov.py\/wp-content\/uploads\/2025\/05\/Juramento-Benito-y-Marcos-5.jpeg 1600w\" sizes=\"auto, (max-width: 1024px) 100vw, 1024px\" \/><\/a><\/figure>\n\n\n\n<figure class=\"wp-block-image size-large\"><a href=\"https:\/\/pjcanindeyu.gov.py\/wp-content\/uploads\/2025\/05\/Juramento-Benito-y-Marcos.jpeg\"><img loading=\"lazy\" decoding=\"async\" width=\"1024\" height=\"682\" data-id=\"4593\" src=\"https:\/\/pjcanindeyu.gov.py\/wp-content\/uploads\/2025\/05\/Juramento-Benito-y-Marcos-1024x682.jpeg\" alt=\"\" class=\"wp-image-4593\" srcset=\"https:\/\/pjcanindeyu.gov.py\/wp-content\/uploads\/2025\/05\/Juramento-Benito-y-Marcos-1024x682.jpeg 1024w, https:\/\/pjcanindeyu.gov.py\/wp-content\/uploads\/2025\/05\/Juramento-Benito-y-Marcos-300x200.jpeg 300w, https:\/\/pjcanindeyu.gov.py\/wp-content\/uploads\/2025\/05\/Juramento-Benito-y-Marcos-768x512.jpeg 768w, https:\/\/pjcanindeyu.gov.py\/wp-content\/uploads\/2025\/05\/Juramento-Benito-y-Marcos-1536x1023.jpeg 1536w, https:\/\/pjcanindeyu.gov.py\/wp-content\/uploads\/2025\/05\/Juramento-Benito-y-Marcos.jpeg 1600w\" sizes=\"auto, (max-width: 1024px) 100vw, 1024px\" \/><\/a><\/figure>\n<\/figure>\n","protected":false},"excerpt":{"rendered":"<p>En la jornada, prestaron juramento ante los ministros de Corte, el novel Juez Penal de Garant\u00edas de Curuguaty, Abg. Marcos Gim\u00e9nez Rivas y el Juez Penal de Sentencia de Saltos del Guair\u00e1, Abg. Benito Ram\u00f3n Gonz\u00e1lez. Asimismo, en sesi\u00f3n plenaria del d\u00eda de la fecha, y con la finalidad de [&hellip;]<\/p>\n","protected":false},"author":1,"featured_media":4593,"comment_status":"open","ping_status":"closed","sticky":false,"template":"","format":"standard","meta":{"footnotes":""},"categories":[2],"tags":[],"class_list":["post-4587","post","type-post","status-publish","format-standard","has-post-thumbnail","hentry","category-notas"],"_links":{"self":[{"href":"https:\/\/pjcanindeyu.gov.py\/index.php?rest_route=\/wp\/v2\/posts\/4587","targetHints":{"allow":["GET"]}}],"collection":[{"href":"https:\/\/pjcanindeyu.gov.py\/index.php?rest_route=\/wp\/v2\/posts"}],"about":[{"href":"https:\/\/pjcanindeyu.gov.py\/index.php?rest_route=\/wp\/v2\/types\/post"}],"author":[{"embeddable":true,"href":"https:\/\/pjcanindeyu.gov.py\/index.php?rest_route=\/wp\/v2\/users\/1"}],"replies":[{"embeddable":true,"href":"https:\/\/pjcanindeyu.gov.py\/index.php?rest_route=%2Fwp%2Fv2%2Fcomments&post=4587"}],"version-history":[{"count":1,"href":"https:\/\/pjcanindeyu.gov.py\/index.php?rest_route=\/wp\/v2\/posts\/4587\/revisions"}],"predecessor-version":[{"id":4594,"href":"https:\/\/pjcanindeyu.gov.py\/index.php?rest_route=\/wp\/v2\/posts\/4587\/revisions\/4594"}],"wp:featuredmedia":[{"embeddable":true,"href":"https:\/\/pjcanindeyu.gov.py\/index.php?rest_route=\/wp\/v2\/media\/4593"}],"wp:attachment":[{"href":"https:\/\/pjcanindeyu.gov.py\/index.php?rest_route=%2Fwp%2Fv2%2Fmedia&parent=4587"}],"wp:term":[{"taxonomy":"category","embeddable":true,"href":"https:\/\/pjcanindeyu.gov.py\/index.php?rest_route=%2Fwp%2Fv2%2Fcategories&post=4587"},{"taxonomy":"post_tag","embeddable":true,"href":"https:\/\/pjcanindeyu.gov.py\/index.php?rest_route=%2Fwp%2Fv2%2Ftags&post=4587"}],"curies":[{"name":"wp","href":"https:\/\/api.w.org\/{rel}","templated":true}]}}