
{"id":4767,"date":"2025-06-20T15:44:00","date_gmt":"2025-06-20T19:44:00","guid":{"rendered":"https:\/\/pjcanindeyu.gov.py\/?p=4767"},"modified":"2025-06-23T10:46:19","modified_gmt":"2025-06-23T14:46:19","slug":"jornada-de-trabajo-autoridades-judiciales-y-gremios-de-abogados-de-curuguaty","status":"publish","type":"post","link":"https:\/\/pjcanindeyu.gov.py\/?p=4767","title":{"rendered":"Jornada de trabajo &#8211; Autoridades judiciales y gremios de abogados de Curuguaty"},"content":{"rendered":"\n<p>Con el objetivo de escuchar las inquietudes y propuestas de los profesionales del derecho para optimizar la administraci\u00f3n de justicia, la Ministra de la Corte Suprema de Justicia, Superintendente de la Circunscripci\u00f3n de Canindey\u00fa, Dra. Carolina Llanes, y los miembros del Consejo de Administraci\u00f3n, se reunieron con representantes de gremios de abogados de Curuguaty.<\/p>\n\n\n\n<figure class=\"wp-block-gallery has-nested-images columns-default is-cropped galeria wp-block-gallery-1 is-layout-flex wp-block-gallery-is-layout-flex\">\n<figure class=\"wp-block-image size-large\"><a href=\"https:\/\/pjcanindeyu.gov.py\/wp-content\/uploads\/2025\/06\/WhatsApp-Image-2025-06-20-at-15.21.49-1-scaled.jpeg\"><img loading=\"lazy\" decoding=\"async\" width=\"1024\" height=\"576\" data-id=\"4768\" src=\"https:\/\/pjcanindeyu.gov.py\/wp-content\/uploads\/2025\/06\/WhatsApp-Image-2025-06-20-at-15.21.49-1-1024x576.jpeg\" alt=\"\" class=\"wp-image-4768\" srcset=\"https:\/\/pjcanindeyu.gov.py\/wp-content\/uploads\/2025\/06\/WhatsApp-Image-2025-06-20-at-15.21.49-1-1024x576.jpeg 1024w, https:\/\/pjcanindeyu.gov.py\/wp-content\/uploads\/2025\/06\/WhatsApp-Image-2025-06-20-at-15.21.49-1-300x169.jpeg 300w, https:\/\/pjcanindeyu.gov.py\/wp-content\/uploads\/2025\/06\/WhatsApp-Image-2025-06-20-at-15.21.49-1-768x432.jpeg 768w, https:\/\/pjcanindeyu.gov.py\/wp-content\/uploads\/2025\/06\/WhatsApp-Image-2025-06-20-at-15.21.49-1-1536x864.jpeg 1536w, https:\/\/pjcanindeyu.gov.py\/wp-content\/uploads\/2025\/06\/WhatsApp-Image-2025-06-20-at-15.21.49-1-2048x1152.jpeg 2048w, https:\/\/pjcanindeyu.gov.py\/wp-content\/uploads\/2025\/06\/WhatsApp-Image-2025-06-20-at-15.21.49-1-1280x720.jpeg 1280w\" sizes=\"auto, (max-width: 1024px) 100vw, 1024px\" \/><\/a><\/figure>\n\n\n\n<figure class=\"wp-block-image size-large\"><a href=\"https:\/\/pjcanindeyu.gov.py\/wp-content\/uploads\/2025\/06\/WhatsApp-Image-2025-06-20-at-15.21.49-2-scaled.jpeg\"><img loading=\"lazy\" decoding=\"async\" width=\"1024\" height=\"576\" data-id=\"4769\" src=\"https:\/\/pjcanindeyu.gov.py\/wp-content\/uploads\/2025\/06\/WhatsApp-Image-2025-06-20-at-15.21.49-2-1024x576.jpeg\" alt=\"\" class=\"wp-image-4769\" srcset=\"https:\/\/pjcanindeyu.gov.py\/wp-content\/uploads\/2025\/06\/WhatsApp-Image-2025-06-20-at-15.21.49-2-1024x576.jpeg 1024w, https:\/\/pjcanindeyu.gov.py\/wp-content\/uploads\/2025\/06\/WhatsApp-Image-2025-06-20-at-15.21.49-2-300x169.jpeg 300w, https:\/\/pjcanindeyu.gov.py\/wp-content\/uploads\/2025\/06\/WhatsApp-Image-2025-06-20-at-15.21.49-2-768x432.jpeg 768w, https:\/\/pjcanindeyu.gov.py\/wp-content\/uploads\/2025\/06\/WhatsApp-Image-2025-06-20-at-15.21.49-2-1536x864.jpeg 1536w, https:\/\/pjcanindeyu.gov.py\/wp-content\/uploads\/2025\/06\/WhatsApp-Image-2025-06-20-at-15.21.49-2-2048x1152.jpeg 2048w, https:\/\/pjcanindeyu.gov.py\/wp-content\/uploads\/2025\/06\/WhatsApp-Image-2025-06-20-at-15.21.49-2-1280x720.jpeg 1280w\" sizes=\"auto, (max-width: 1024px) 100vw, 1024px\" \/><\/a><\/figure>\n\n\n\n<figure class=\"wp-block-image size-large\"><a href=\"https:\/\/pjcanindeyu.gov.py\/wp-content\/uploads\/2025\/06\/WhatsApp-Image-2025-06-20-at-15.21.49-3-scaled.jpeg\"><img loading=\"lazy\" decoding=\"async\" width=\"1024\" height=\"576\" data-id=\"4770\" src=\"https:\/\/pjcanindeyu.gov.py\/wp-content\/uploads\/2025\/06\/WhatsApp-Image-2025-06-20-at-15.21.49-3-1024x576.jpeg\" alt=\"\" class=\"wp-image-4770\" srcset=\"https:\/\/pjcanindeyu.gov.py\/wp-content\/uploads\/2025\/06\/WhatsApp-Image-2025-06-20-at-15.21.49-3-1024x576.jpeg 1024w, https:\/\/pjcanindeyu.gov.py\/wp-content\/uploads\/2025\/06\/WhatsApp-Image-2025-06-20-at-15.21.49-3-300x169.jpeg 300w, https:\/\/pjcanindeyu.gov.py\/wp-content\/uploads\/2025\/06\/WhatsApp-Image-2025-06-20-at-15.21.49-3-768x432.jpeg 768w, https:\/\/pjcanindeyu.gov.py\/wp-content\/uploads\/2025\/06\/WhatsApp-Image-2025-06-20-at-15.21.49-3-1536x864.jpeg 1536w, https:\/\/pjcanindeyu.gov.py\/wp-content\/uploads\/2025\/06\/WhatsApp-Image-2025-06-20-at-15.21.49-3-2048x1152.jpeg 2048w, https:\/\/pjcanindeyu.gov.py\/wp-content\/uploads\/2025\/06\/WhatsApp-Image-2025-06-20-at-15.21.49-3-1280x720.jpeg 1280w\" sizes=\"auto, (max-width: 1024px) 100vw, 1024px\" \/><\/a><\/figure>\n\n\n\n<figure class=\"wp-block-image size-large\"><a href=\"https:\/\/pjcanindeyu.gov.py\/wp-content\/uploads\/2025\/06\/WhatsApp-Image-2025-06-20-at-15.21.49-scaled.jpeg\"><img loading=\"lazy\" decoding=\"async\" width=\"1024\" height=\"768\" data-id=\"4771\" src=\"https:\/\/pjcanindeyu.gov.py\/wp-content\/uploads\/2025\/06\/WhatsApp-Image-2025-06-20-at-15.21.49-1024x768.jpeg\" alt=\"\" class=\"wp-image-4771\" srcset=\"https:\/\/pjcanindeyu.gov.py\/wp-content\/uploads\/2025\/06\/WhatsApp-Image-2025-06-20-at-15.21.49-1024x768.jpeg 1024w, https:\/\/pjcanindeyu.gov.py\/wp-content\/uploads\/2025\/06\/WhatsApp-Image-2025-06-20-at-15.21.49-300x225.jpeg 300w, https:\/\/pjcanindeyu.gov.py\/wp-content\/uploads\/2025\/06\/WhatsApp-Image-2025-06-20-at-15.21.49-768x576.jpeg 768w, https:\/\/pjcanindeyu.gov.py\/wp-content\/uploads\/2025\/06\/WhatsApp-Image-2025-06-20-at-15.21.49-1536x1152.jpeg 1536w, https:\/\/pjcanindeyu.gov.py\/wp-content\/uploads\/2025\/06\/WhatsApp-Image-2025-06-20-at-15.21.49-2048x1536.jpeg 2048w\" sizes=\"auto, (max-width: 1024px) 100vw, 1024px\" \/><\/a><\/figure>\n<\/figure>\n","protected":false},"excerpt":{"rendered":"<p>Con el objetivo de escuchar las inquietudes y propuestas de los profesionales del derecho para optimizar la administraci\u00f3n de justicia, la Ministra de la Corte Suprema de Justicia, Superintendente de la Circunscripci\u00f3n de Canindey\u00fa, Dra. Carolina Llanes, y los miembros del Consejo de Administraci\u00f3n, se reunieron con representantes de gremios [&hellip;]<\/p>\n","protected":false},"author":1,"featured_media":4770,"comment_status":"open","ping_status":"closed","sticky":false,"template":"","format":"standard","meta":{"footnotes":""},"categories":[2],"tags":[],"class_list":["post-4767","post","type-post","status-publish","format-standard","has-post-thumbnail","hentry","category-notas"],"_links":{"self":[{"href":"https:\/\/pjcanindeyu.gov.py\/index.php?rest_route=\/wp\/v2\/posts\/4767","targetHints":{"allow":["GET"]}}],"collection":[{"href":"https:\/\/pjcanindeyu.gov.py\/index.php?rest_route=\/wp\/v2\/posts"}],"about":[{"href":"https:\/\/pjcanindeyu.gov.py\/index.php?rest_route=\/wp\/v2\/types\/post"}],"author":[{"embeddable":true,"href":"https:\/\/pjcanindeyu.gov.py\/index.php?rest_route=\/wp\/v2\/users\/1"}],"replies":[{"embeddable":true,"href":"https:\/\/pjcanindeyu.gov.py\/index.php?rest_route=%2Fwp%2Fv2%2Fcomments&post=4767"}],"version-history":[{"count":1,"href":"https:\/\/pjcanindeyu.gov.py\/index.php?rest_route=\/wp\/v2\/posts\/4767\/revisions"}],"predecessor-version":[{"id":4772,"href":"https:\/\/pjcanindeyu.gov.py\/index.php?rest_route=\/wp\/v2\/posts\/4767\/revisions\/4772"}],"wp:featuredmedia":[{"embeddable":true,"href":"https:\/\/pjcanindeyu.gov.py\/index.php?rest_route=\/wp\/v2\/media\/4770"}],"wp:attachment":[{"href":"https:\/\/pjcanindeyu.gov.py\/index.php?rest_route=%2Fwp%2Fv2%2Fmedia&parent=4767"}],"wp:term":[{"taxonomy":"category","embeddable":true,"href":"https:\/\/pjcanindeyu.gov.py\/index.php?rest_route=%2Fwp%2Fv2%2Fcategories&post=4767"},{"taxonomy":"post_tag","embeddable":true,"href":"https:\/\/pjcanindeyu.gov.py\/index.php?rest_route=%2Fwp%2Fv2%2Ftags&post=4767"}],"curies":[{"name":"wp","href":"https:\/\/api.w.org\/{rel}","templated":true}]}}