
{"id":4774,"date":"2025-06-23T10:57:30","date_gmt":"2025-06-23T14:57:30","guid":{"rendered":"https:\/\/pjcanindeyu.gov.py\/?p=4774"},"modified":"2025-06-23T10:57:30","modified_gmt":"2025-06-23T14:57:30","slug":"ministra-carolina-llanes-analizo-la-evolucion-del-sistema-penal-tras-la-constitucion-de-1992","status":"publish","type":"post","link":"https:\/\/pjcanindeyu.gov.py\/?p=4774","title":{"rendered":"Ministra Carolina Llanes analiz\u00f3 la evoluci\u00f3n del sistema penal tras la Constituci\u00f3n de 1992"},"content":{"rendered":"\n<p>La ministra Carolina Llanes Ocampos, vicepresidenta primera de la Corte Suprema de Justicia, titular de la Sala Penal y superintendenta de la Circunscripci\u00f3n Judicial de Canindey\u00fa, particip\u00f3 como conferencista en el I Congreso Paraguayo de Derecho Procesal y Construcci\u00f3n de Justicia, realizado el viernes 20 de junio en el Sal\u00f3n Auditorio del Palacio de Justicia de Saltos del Guair\u00e1. La actividad se desarroll\u00f3 en el marco de la jornada preparatoria del XXXIV Encuentro Panamericano de Derecho Procesal \u2013 Lima 2025 y de la apertura del Doctorado en Ciencias Jur\u00eddicas de la Escuela de Posgrado de la UNICAN.<\/p>\n\n\n\n<figure class=\"wp-block-gallery has-nested-images columns-4 is-cropped galeria wp-block-gallery-1 is-layout-flex wp-block-gallery-is-layout-flex\">\n<figure class=\"wp-block-image size-large\"><a href=\"https:\/\/pjcanindeyu.gov.py\/wp-content\/uploads\/2025\/06\/WhatsApp-Image-2025-06-23-at-08.26.35.jpeg\"><img loading=\"lazy\" decoding=\"async\" width=\"1024\" height=\"768\" data-id=\"4775\" src=\"https:\/\/pjcanindeyu.gov.py\/wp-content\/uploads\/2025\/06\/WhatsApp-Image-2025-06-23-at-08.26.35-1024x768.jpeg\" alt=\"\" class=\"wp-image-4775\" srcset=\"https:\/\/pjcanindeyu.gov.py\/wp-content\/uploads\/2025\/06\/WhatsApp-Image-2025-06-23-at-08.26.35-1024x768.jpeg 1024w, https:\/\/pjcanindeyu.gov.py\/wp-content\/uploads\/2025\/06\/WhatsApp-Image-2025-06-23-at-08.26.35-300x225.jpeg 300w, https:\/\/pjcanindeyu.gov.py\/wp-content\/uploads\/2025\/06\/WhatsApp-Image-2025-06-23-at-08.26.35-768x576.jpeg 768w, https:\/\/pjcanindeyu.gov.py\/wp-content\/uploads\/2025\/06\/WhatsApp-Image-2025-06-23-at-08.26.35.jpeg 1280w\" sizes=\"auto, (max-width: 1024px) 100vw, 1024px\" \/><\/a><\/figure>\n\n\n\n<figure class=\"wp-block-image size-large\"><a href=\"https:\/\/pjcanindeyu.gov.py\/wp-content\/uploads\/2025\/06\/WhatsApp-Image-2025-06-23-at-11.48.01.jpeg\"><img loading=\"lazy\" decoding=\"async\" width=\"1024\" height=\"682\" data-id=\"4779\" src=\"https:\/\/pjcanindeyu.gov.py\/wp-content\/uploads\/2025\/06\/WhatsApp-Image-2025-06-23-at-11.48.01-1024x682.jpeg\" alt=\"\" class=\"wp-image-4779\" srcset=\"https:\/\/pjcanindeyu.gov.py\/wp-content\/uploads\/2025\/06\/WhatsApp-Image-2025-06-23-at-11.48.01-1024x682.jpeg 1024w, https:\/\/pjcanindeyu.gov.py\/wp-content\/uploads\/2025\/06\/WhatsApp-Image-2025-06-23-at-11.48.01-300x200.jpeg 300w, https:\/\/pjcanindeyu.gov.py\/wp-content\/uploads\/2025\/06\/WhatsApp-Image-2025-06-23-at-11.48.01-768x512.jpeg 768w, https:\/\/pjcanindeyu.gov.py\/wp-content\/uploads\/2025\/06\/WhatsApp-Image-2025-06-23-at-11.48.01.jpeg 1280w\" sizes=\"auto, (max-width: 1024px) 100vw, 1024px\" \/><\/a><\/figure>\n\n\n\n<figure class=\"wp-block-image size-large\"><a href=\"https:\/\/pjcanindeyu.gov.py\/wp-content\/uploads\/2025\/06\/WhatsApp-Image-2025-06-23-at-08.27.13.jpeg\"><img loading=\"lazy\" decoding=\"async\" width=\"1024\" height=\"682\" data-id=\"4777\" src=\"https:\/\/pjcanindeyu.gov.py\/wp-content\/uploads\/2025\/06\/WhatsApp-Image-2025-06-23-at-08.27.13-1024x682.jpeg\" alt=\"\" class=\"wp-image-4777\" srcset=\"https:\/\/pjcanindeyu.gov.py\/wp-content\/uploads\/2025\/06\/WhatsApp-Image-2025-06-23-at-08.27.13-1024x682.jpeg 1024w, https:\/\/pjcanindeyu.gov.py\/wp-content\/uploads\/2025\/06\/WhatsApp-Image-2025-06-23-at-08.27.13-300x200.jpeg 300w, https:\/\/pjcanindeyu.gov.py\/wp-content\/uploads\/2025\/06\/WhatsApp-Image-2025-06-23-at-08.27.13-768x511.jpeg 768w, https:\/\/pjcanindeyu.gov.py\/wp-content\/uploads\/2025\/06\/WhatsApp-Image-2025-06-23-at-08.27.13.jpeg 1280w\" sizes=\"auto, (max-width: 1024px) 100vw, 1024px\" \/><\/a><\/figure>\n\n\n\n<figure class=\"wp-block-image size-large\"><a href=\"https:\/\/pjcanindeyu.gov.py\/wp-content\/uploads\/2025\/06\/WhatsApp-Image-2025-06-23-at-11.48.00.jpeg\"><img loading=\"lazy\" decoding=\"async\" width=\"1024\" height=\"682\" data-id=\"4776\" src=\"https:\/\/pjcanindeyu.gov.py\/wp-content\/uploads\/2025\/06\/WhatsApp-Image-2025-06-23-at-11.48.00-1024x682.jpeg\" alt=\"\" class=\"wp-image-4776\" srcset=\"https:\/\/pjcanindeyu.gov.py\/wp-content\/uploads\/2025\/06\/WhatsApp-Image-2025-06-23-at-11.48.00-1024x682.jpeg 1024w, https:\/\/pjcanindeyu.gov.py\/wp-content\/uploads\/2025\/06\/WhatsApp-Image-2025-06-23-at-11.48.00-300x200.jpeg 300w, https:\/\/pjcanindeyu.gov.py\/wp-content\/uploads\/2025\/06\/WhatsApp-Image-2025-06-23-at-11.48.00-768x512.jpeg 768w, https:\/\/pjcanindeyu.gov.py\/wp-content\/uploads\/2025\/06\/WhatsApp-Image-2025-06-23-at-11.48.00.jpeg 1280w\" sizes=\"auto, (max-width: 1024px) 100vw, 1024px\" \/><\/a><\/figure>\n\n\n\n<figure class=\"wp-block-image size-large\"><a href=\"https:\/\/pjcanindeyu.gov.py\/wp-content\/uploads\/2025\/06\/WhatsApp-Image-2025-06-23-at-11.47.59.jpeg\"><img loading=\"lazy\" decoding=\"async\" width=\"1024\" height=\"682\" data-id=\"4778\" src=\"https:\/\/pjcanindeyu.gov.py\/wp-content\/uploads\/2025\/06\/WhatsApp-Image-2025-06-23-at-11.47.59-1024x682.jpeg\" alt=\"\" class=\"wp-image-4778\" srcset=\"https:\/\/pjcanindeyu.gov.py\/wp-content\/uploads\/2025\/06\/WhatsApp-Image-2025-06-23-at-11.47.59-1024x682.jpeg 1024w, https:\/\/pjcanindeyu.gov.py\/wp-content\/uploads\/2025\/06\/WhatsApp-Image-2025-06-23-at-11.47.59-300x200.jpeg 300w, https:\/\/pjcanindeyu.gov.py\/wp-content\/uploads\/2025\/06\/WhatsApp-Image-2025-06-23-at-11.47.59-768x512.jpeg 768w, https:\/\/pjcanindeyu.gov.py\/wp-content\/uploads\/2025\/06\/WhatsApp-Image-2025-06-23-at-11.47.59.jpeg 1280w\" sizes=\"auto, (max-width: 1024px) 100vw, 1024px\" \/><\/a><\/figure>\n<\/figure>\n\n\n\n<p>Durante su intervenci\u00f3n, la ministra Carolina Llanes expuso una visi\u00f3n panor\u00e1mica sobre la evoluci\u00f3n del sistema penal paraguayo a partir de la sanci\u00f3n de la Constituci\u00f3n Nacional de 1992, que el pasado 20 de junio cumpli\u00f3 33 a\u00f1os de vigencia. En particular, se refiri\u00f3 a la implementaci\u00f3n del proceso penal acusatorio y su impacto en el ejercicio del poder punitivo del Estado.<\/p>\n\n\n\n<p>La ministra detall\u00f3 las caracter\u00edsticas esenciales del sistema acusatorio y realiz\u00f3 un an\u00e1lisis cr\u00edtico de las disfunciones y distorsiones observadas en sus m\u00e1s de 25 a\u00f1os de aplicaci\u00f3n. Asimismo, destac\u00f3 el rol que desempe\u00f1a actualmente en la Sala Penal de la Corte Suprema de Justicia, desde donde se revisan y analizan decisiones adoptadas en etapas previas del proceso penal.<\/p>\n\n\n\n<p>En ese marco, subray\u00f3 que la Constituci\u00f3n de 1992 estableci\u00f3 un nuevo paradigma centrado en la persona humana, tal como lo indica su pre\u00e1mbulo. Indic\u00f3 que los valores supremos \u2014la dignidad humana, la libertad, la igualdad y la justicia\u2014 constituyen la base de esta transformaci\u00f3n jur\u00eddica e institucional, sustentada en el principio de que \u201cno habr\u00e1 juicio sin acusaci\u00f3n\u201d.<\/p>\n\n\n\n<p>Tambi\u00e9n hizo \u00e9nfasis en que toda acusaci\u00f3n debe ser formulada previamente, en un plazo razonable, y respaldada por criterios racionales de b\u00fasqueda de informaci\u00f3n, evaluados conforme a par\u00e1metros t\u00e9cnicos y cient\u00edficos.<\/p>\n\n\n\n<p>En este contexto, la ministra Llanes resalt\u00f3 la necesidad de construir el caso penal sobre una base racional y promover la aplicaci\u00f3n de la teor\u00eda del caso como herramienta fundamental para la estructuraci\u00f3n de las causas que se presentan ante los tribunales.<\/p>\n\n\n\n<p>El Congreso fue organizado por el Instituto Panamericano de Derecho Procesal y la Escuela de Posgrado de la Universidad Nacional de Canindey\u00fa. Cont\u00f3 con las disertaciones del Dr. Adolfo Alvarado Velloso, el Dr. Emilio Camacho, el Dr. Ferm\u00edn Canteros y la Dra. Rosa Beatriz Yambay.<\/p>\n\n\n\n<p>Con esta participaci\u00f3n, la Corte Suprema de Justicia reafirma su compromiso con el fortalecimiento del \u00e1mbito acad\u00e9mico como espacio esencial para la reflexi\u00f3n y el desarrollo del derecho en Paraguay.<\/p>\n","protected":false},"excerpt":{"rendered":"<p>La ministra Carolina Llanes Ocampos, vicepresidenta primera de la Corte Suprema de Justicia, titular de la Sala Penal y superintendenta de la Circunscripci\u00f3n Judicial de Canindey\u00fa, particip\u00f3 como conferencista en el I Congreso Paraguayo de Derecho Procesal y Construcci\u00f3n de Justicia, realizado el viernes 20 de junio en el Sal\u00f3n [&hellip;]<\/p>\n","protected":false},"author":1,"featured_media":4778,"comment_status":"open","ping_status":"closed","sticky":false,"template":"","format":"standard","meta":{"footnotes":""},"categories":[2],"tags":[],"class_list":["post-4774","post","type-post","status-publish","format-standard","has-post-thumbnail","hentry","category-notas"],"_links":{"self":[{"href":"https:\/\/pjcanindeyu.gov.py\/index.php?rest_route=\/wp\/v2\/posts\/4774","targetHints":{"allow":["GET"]}}],"collection":[{"href":"https:\/\/pjcanindeyu.gov.py\/index.php?rest_route=\/wp\/v2\/posts"}],"about":[{"href":"https:\/\/pjcanindeyu.gov.py\/index.php?rest_route=\/wp\/v2\/types\/post"}],"author":[{"embeddable":true,"href":"https:\/\/pjcanindeyu.gov.py\/index.php?rest_route=\/wp\/v2\/users\/1"}],"replies":[{"embeddable":true,"href":"https:\/\/pjcanindeyu.gov.py\/index.php?rest_route=%2Fwp%2Fv2%2Fcomments&post=4774"}],"version-history":[{"count":1,"href":"https:\/\/pjcanindeyu.gov.py\/index.php?rest_route=\/wp\/v2\/posts\/4774\/revisions"}],"predecessor-version":[{"id":4780,"href":"https:\/\/pjcanindeyu.gov.py\/index.php?rest_route=\/wp\/v2\/posts\/4774\/revisions\/4780"}],"wp:featuredmedia":[{"embeddable":true,"href":"https:\/\/pjcanindeyu.gov.py\/index.php?rest_route=\/wp\/v2\/media\/4778"}],"wp:attachment":[{"href":"https:\/\/pjcanindeyu.gov.py\/index.php?rest_route=%2Fwp%2Fv2%2Fmedia&parent=4774"}],"wp:term":[{"taxonomy":"category","embeddable":true,"href":"https:\/\/pjcanindeyu.gov.py\/index.php?rest_route=%2Fwp%2Fv2%2Fcategories&post=4774"},{"taxonomy":"post_tag","embeddable":true,"href":"https:\/\/pjcanindeyu.gov.py\/index.php?rest_route=%2Fwp%2Fv2%2Ftags&post=4774"}],"curies":[{"name":"wp","href":"https:\/\/api.w.org\/{rel}","templated":true}]}}