
{"id":4868,"date":"2025-08-29T10:34:09","date_gmt":"2025-08-29T14:34:09","guid":{"rendered":"https:\/\/pjcanindeyu.gov.py\/?p=4868"},"modified":"2025-09-01T11:02:05","modified_gmt":"2025-09-01T15:02:05","slug":"se-desarrollo-taller-sobre-servicios-ambientales-en-saltos-del-guaira","status":"publish","type":"post","link":"https:\/\/pjcanindeyu.gov.py\/?p=4868","title":{"rendered":"Se desarroll\u00f3 taller sobre servicios ambientales en Saltos del Guair\u00e1"},"content":{"rendered":"\n<p>El Palacio de Justicia de Saltos del Guair\u00e1 fue sede del taller sobre gesti\u00f3n y transacci\u00f3n de servicios ambientales. El evento se llev\u00f3 a cabo en la fecha en el Sal\u00f3n Auditorio.<br>La Abogada Edith Mart\u00ednez, en ejercicio de la presidencia de la Circunscripci\u00f3n Judicial de Canindey\u00fa, realizo las palabras de bienvenida a la jornada de capacitaci\u00f3n. El encuentro reuni\u00f3 a magistrados y funcionarios de la Circunscripci\u00f3n, junto con miembros de la comunidad jur\u00eddica del departamento.<br>El programa del taller estableci\u00f3 un marco para el manejo de herramientas y procedimientos necesarios en la gesti\u00f3n de servicios ambientales. Las presentaciones abordaron temas como la aplicaci\u00f3n de la ley en procesos penales, el an\u00e1lisis del da\u00f1o ambiental y los procedimientos de registro de transacciones. El evento proporcion\u00f3 un espacio para consultas y discusi\u00f3n sobre la regulaci\u00f3n del mercado.<br>La capacitaci\u00f3n se organiz\u00f3 con el objetivo de dotar a los participantes de conocimientos sobre el proceso de transacci\u00f3n de servicios ambientales, as\u00ed como sobre la documentaci\u00f3n requerida para la gesti\u00f3n de las modalidades de transacci\u00f3n. El taller cont\u00f3 con el apoyo de la Direccion del Medio Ambiente de la Corte Suprema de Justicia y el Ministerio del Ambiente y Desarrollo Sostenible (MADES).<\/p>\n\n\n\n<figure class=\"wp-block-gallery has-nested-images columns-default is-cropped galeria wp-block-gallery-1 is-layout-flex wp-block-gallery-is-layout-flex\">\n<figure class=\"wp-block-image size-large\"><a href=\"https:\/\/pjcanindeyu.gov.py\/wp-content\/uploads\/2025\/09\/charla-ambiental-3.jpg\"><img loading=\"lazy\" decoding=\"async\" width=\"1024\" height=\"768\" data-id=\"4869\" src=\"https:\/\/pjcanindeyu.gov.py\/wp-content\/uploads\/2025\/09\/charla-ambiental-3-1024x768.jpg\" alt=\"\" class=\"wp-image-4869\" srcset=\"https:\/\/pjcanindeyu.gov.py\/wp-content\/uploads\/2025\/09\/charla-ambiental-3-1024x768.jpg 1024w, https:\/\/pjcanindeyu.gov.py\/wp-content\/uploads\/2025\/09\/charla-ambiental-3-300x225.jpg 300w, https:\/\/pjcanindeyu.gov.py\/wp-content\/uploads\/2025\/09\/charla-ambiental-3-768x576.jpg 768w, https:\/\/pjcanindeyu.gov.py\/wp-content\/uploads\/2025\/09\/charla-ambiental-3-1536x1152.jpg 1536w, https:\/\/pjcanindeyu.gov.py\/wp-content\/uploads\/2025\/09\/charla-ambiental-3.jpg 1600w\" sizes=\"auto, (max-width: 1024px) 100vw, 1024px\" \/><\/a><\/figure>\n\n\n\n<figure class=\"wp-block-image size-large\"><a href=\"https:\/\/pjcanindeyu.gov.py\/wp-content\/uploads\/2025\/09\/charla-ambiental-2.jpg\"><img loading=\"lazy\" decoding=\"async\" width=\"984\" height=\"1024\" data-id=\"4871\" src=\"https:\/\/pjcanindeyu.gov.py\/wp-content\/uploads\/2025\/09\/charla-ambiental-2-984x1024.jpg\" alt=\"\" class=\"wp-image-4871\" srcset=\"https:\/\/pjcanindeyu.gov.py\/wp-content\/uploads\/2025\/09\/charla-ambiental-2-984x1024.jpg 984w, https:\/\/pjcanindeyu.gov.py\/wp-content\/uploads\/2025\/09\/charla-ambiental-2-288x300.jpg 288w, https:\/\/pjcanindeyu.gov.py\/wp-content\/uploads\/2025\/09\/charla-ambiental-2-768x799.jpg 768w, https:\/\/pjcanindeyu.gov.py\/wp-content\/uploads\/2025\/09\/charla-ambiental-2.jpg 1415w\" sizes=\"auto, (max-width: 984px) 100vw, 984px\" \/><\/a><\/figure>\n\n\n\n<figure class=\"wp-block-image size-large\"><a href=\"https:\/\/pjcanindeyu.gov.py\/wp-content\/uploads\/2025\/09\/charla-ambiental-3-1.jpg\"><img loading=\"lazy\" decoding=\"async\" width=\"1024\" height=\"768\" data-id=\"4872\" src=\"https:\/\/pjcanindeyu.gov.py\/wp-content\/uploads\/2025\/09\/charla-ambiental-3-1-1024x768.jpg\" alt=\"\" class=\"wp-image-4872\" srcset=\"https:\/\/pjcanindeyu.gov.py\/wp-content\/uploads\/2025\/09\/charla-ambiental-3-1-1024x768.jpg 1024w, https:\/\/pjcanindeyu.gov.py\/wp-content\/uploads\/2025\/09\/charla-ambiental-3-1-300x225.jpg 300w, https:\/\/pjcanindeyu.gov.py\/wp-content\/uploads\/2025\/09\/charla-ambiental-3-1-768x576.jpg 768w, https:\/\/pjcanindeyu.gov.py\/wp-content\/uploads\/2025\/09\/charla-ambiental-3-1-1536x1152.jpg 1536w, https:\/\/pjcanindeyu.gov.py\/wp-content\/uploads\/2025\/09\/charla-ambiental-3-1.jpg 2048w\" sizes=\"auto, (max-width: 1024px) 100vw, 1024px\" \/><\/a><\/figure>\n\n\n\n<figure class=\"wp-block-image size-large\"><a href=\"https:\/\/pjcanindeyu.gov.py\/wp-content\/uploads\/2025\/09\/charla-ambiental-6.jpg\"><img loading=\"lazy\" decoding=\"async\" width=\"1024\" height=\"790\" data-id=\"4873\" src=\"https:\/\/pjcanindeyu.gov.py\/wp-content\/uploads\/2025\/09\/charla-ambiental-6-1024x790.jpg\" alt=\"\" class=\"wp-image-4873\" srcset=\"https:\/\/pjcanindeyu.gov.py\/wp-content\/uploads\/2025\/09\/charla-ambiental-6-1024x790.jpg 1024w, https:\/\/pjcanindeyu.gov.py\/wp-content\/uploads\/2025\/09\/charla-ambiental-6-300x232.jpg 300w, https:\/\/pjcanindeyu.gov.py\/wp-content\/uploads\/2025\/09\/charla-ambiental-6-768x593.jpg 768w, https:\/\/pjcanindeyu.gov.py\/wp-content\/uploads\/2025\/09\/charla-ambiental-6-1536x1186.jpg 1536w, https:\/\/pjcanindeyu.gov.py\/wp-content\/uploads\/2025\/09\/charla-ambiental-6.jpg 1600w\" sizes=\"auto, (max-width: 1024px) 100vw, 1024px\" \/><\/a><\/figure>\n\n\n\n<figure class=\"wp-block-image size-large\"><a href=\"https:\/\/pjcanindeyu.gov.py\/wp-content\/uploads\/2025\/09\/charla-ambiental.jpg\"><img loading=\"lazy\" decoding=\"async\" width=\"1024\" height=\"768\" data-id=\"4874\" src=\"https:\/\/pjcanindeyu.gov.py\/wp-content\/uploads\/2025\/09\/charla-ambiental-1024x768.jpg\" alt=\"\" class=\"wp-image-4874\" srcset=\"https:\/\/pjcanindeyu.gov.py\/wp-content\/uploads\/2025\/09\/charla-ambiental-1024x768.jpg 1024w, https:\/\/pjcanindeyu.gov.py\/wp-content\/uploads\/2025\/09\/charla-ambiental-300x225.jpg 300w, https:\/\/pjcanindeyu.gov.py\/wp-content\/uploads\/2025\/09\/charla-ambiental-768x576.jpg 768w, https:\/\/pjcanindeyu.gov.py\/wp-content\/uploads\/2025\/09\/charla-ambiental-1536x1152.jpg 1536w, https:\/\/pjcanindeyu.gov.py\/wp-content\/uploads\/2025\/09\/charla-ambiental.jpg 1600w\" sizes=\"auto, (max-width: 1024px) 100vw, 1024px\" \/><\/a><\/figure>\n\n\n\n<figure class=\"wp-block-image size-large\"><a href=\"https:\/\/pjcanindeyu.gov.py\/wp-content\/uploads\/2025\/09\/charla-ambiental-0.jpg\"><img loading=\"lazy\" decoding=\"async\" width=\"1024\" height=\"768\" data-id=\"4870\" src=\"https:\/\/pjcanindeyu.gov.py\/wp-content\/uploads\/2025\/09\/charla-ambiental-0-1024x768.jpg\" alt=\"\" class=\"wp-image-4870\" srcset=\"https:\/\/pjcanindeyu.gov.py\/wp-content\/uploads\/2025\/09\/charla-ambiental-0-1024x768.jpg 1024w, https:\/\/pjcanindeyu.gov.py\/wp-content\/uploads\/2025\/09\/charla-ambiental-0-300x225.jpg 300w, https:\/\/pjcanindeyu.gov.py\/wp-content\/uploads\/2025\/09\/charla-ambiental-0-768x576.jpg 768w, https:\/\/pjcanindeyu.gov.py\/wp-content\/uploads\/2025\/09\/charla-ambiental-0-1536x1152.jpg 1536w, https:\/\/pjcanindeyu.gov.py\/wp-content\/uploads\/2025\/09\/charla-ambiental-0.jpg 1600w\" sizes=\"auto, (max-width: 1024px) 100vw, 1024px\" \/><\/a><\/figure>\n<\/figure>\n","protected":false},"excerpt":{"rendered":"<p>El Palacio de Justicia de Saltos del Guair\u00e1 fue sede del taller sobre gesti\u00f3n y transacci\u00f3n de servicios ambientales. El evento se llev\u00f3 a cabo en la fecha en el Sal\u00f3n Auditorio.La Abogada Edith Mart\u00ednez, en ejercicio de la presidencia de la Circunscripci\u00f3n Judicial de Canindey\u00fa, realizo las palabras de [&hellip;]<\/p>\n","protected":false},"author":1,"featured_media":4870,"comment_status":"open","ping_status":"closed","sticky":false,"template":"","format":"standard","meta":{"footnotes":""},"categories":[2],"tags":[],"class_list":["post-4868","post","type-post","status-publish","format-standard","has-post-thumbnail","hentry","category-notas"],"_links":{"self":[{"href":"https:\/\/pjcanindeyu.gov.py\/index.php?rest_route=\/wp\/v2\/posts\/4868","targetHints":{"allow":["GET"]}}],"collection":[{"href":"https:\/\/pjcanindeyu.gov.py\/index.php?rest_route=\/wp\/v2\/posts"}],"about":[{"href":"https:\/\/pjcanindeyu.gov.py\/index.php?rest_route=\/wp\/v2\/types\/post"}],"author":[{"embeddable":true,"href":"https:\/\/pjcanindeyu.gov.py\/index.php?rest_route=\/wp\/v2\/users\/1"}],"replies":[{"embeddable":true,"href":"https:\/\/pjcanindeyu.gov.py\/index.php?rest_route=%2Fwp%2Fv2%2Fcomments&post=4868"}],"version-history":[{"count":1,"href":"https:\/\/pjcanindeyu.gov.py\/index.php?rest_route=\/wp\/v2\/posts\/4868\/revisions"}],"predecessor-version":[{"id":4875,"href":"https:\/\/pjcanindeyu.gov.py\/index.php?rest_route=\/wp\/v2\/posts\/4868\/revisions\/4875"}],"wp:featuredmedia":[{"embeddable":true,"href":"https:\/\/pjcanindeyu.gov.py\/index.php?rest_route=\/wp\/v2\/media\/4870"}],"wp:attachment":[{"href":"https:\/\/pjcanindeyu.gov.py\/index.php?rest_route=%2Fwp%2Fv2%2Fmedia&parent=4868"}],"wp:term":[{"taxonomy":"category","embeddable":true,"href":"https:\/\/pjcanindeyu.gov.py\/index.php?rest_route=%2Fwp%2Fv2%2Fcategories&post=4868"},{"taxonomy":"post_tag","embeddable":true,"href":"https:\/\/pjcanindeyu.gov.py\/index.php?rest_route=%2Fwp%2Fv2%2Ftags&post=4868"}],"curies":[{"name":"wp","href":"https:\/\/api.w.org\/{rel}","templated":true}]}}