
{"id":4877,"date":"2025-08-30T11:02:18","date_gmt":"2025-08-30T15:02:18","guid":{"rendered":"https:\/\/pjcanindeyu.gov.py\/?p=4877"},"modified":"2025-11-05T07:09:40","modified_gmt":"2025-11-05T11:09:40","slug":"taller-sobre-servicios-ambientales-se-llego-a-curuguaty","status":"publish","type":"post","link":"https:\/\/pjcanindeyu.gov.py\/?p=4877","title":{"rendered":"Taller sobre servicios ambientales lleg\u00f3 a Curuguaty"},"content":{"rendered":"\n<p>El Juzgado de Primera Instancia de Curuguaty fue sede, <a><\/a>en la fecha, de un taller sobre gesti\u00f3n y transacci\u00f3n de servicios ambientales. El evento, realizado en la Sala de Juicios Orales, congreg\u00f3 a magistrados, funcionarios de la Circunscripci\u00f3n y miembros de la comunidad jur\u00eddica de la regi\u00f3n.<\/p>\n\n\n\n<p>La Abogada Edith Mart\u00ednez, vicepresidenta primera del Consejo de Administraci\u00f3n Judicial de Canindey\u00fa, dio las palabras de bienvenida a la jornada de capacitaci\u00f3n, destacando la importancia de fortalecer los conocimientos en esta materia.<\/p>\n\n\n\n<figure class=\"wp-block-gallery has-nested-images columns-default is-cropped galeria wp-block-gallery-1 is-layout-flex wp-block-gallery-is-layout-flex\">\n<figure class=\"wp-block-image size-large\"><a href=\"https:\/\/pjcanindeyu.gov.py\/wp-content\/uploads\/2025\/09\/charla-ambiental-CTY-1.jpg\"><img loading=\"lazy\" decoding=\"async\" width=\"1024\" height=\"768\" data-id=\"4883\" src=\"https:\/\/pjcanindeyu.gov.py\/wp-content\/uploads\/2025\/09\/charla-ambiental-CTY-1-1024x768.jpg\" alt=\"\" class=\"wp-image-4883\" srcset=\"https:\/\/pjcanindeyu.gov.py\/wp-content\/uploads\/2025\/09\/charla-ambiental-CTY-1-1024x768.jpg 1024w, https:\/\/pjcanindeyu.gov.py\/wp-content\/uploads\/2025\/09\/charla-ambiental-CTY-1-300x225.jpg 300w, https:\/\/pjcanindeyu.gov.py\/wp-content\/uploads\/2025\/09\/charla-ambiental-CTY-1-768x576.jpg 768w, https:\/\/pjcanindeyu.gov.py\/wp-content\/uploads\/2025\/09\/charla-ambiental-CTY-1-1536x1152.jpg 1536w, https:\/\/pjcanindeyu.gov.py\/wp-content\/uploads\/2025\/09\/charla-ambiental-CTY-1.jpg 1600w\" sizes=\"auto, (max-width: 1024px) 100vw, 1024px\" \/><\/a><\/figure>\n\n\n\n<figure class=\"wp-block-image size-large\"><a href=\"https:\/\/pjcanindeyu.gov.py\/wp-content\/uploads\/2025\/09\/charla-ambiental-CTY-2.jpg\"><img loading=\"lazy\" decoding=\"async\" width=\"1024\" height=\"768\" data-id=\"4879\" src=\"https:\/\/pjcanindeyu.gov.py\/wp-content\/uploads\/2025\/09\/charla-ambiental-CTY-2-1024x768.jpg\" alt=\"\" class=\"wp-image-4879\" srcset=\"https:\/\/pjcanindeyu.gov.py\/wp-content\/uploads\/2025\/09\/charla-ambiental-CTY-2-1024x768.jpg 1024w, https:\/\/pjcanindeyu.gov.py\/wp-content\/uploads\/2025\/09\/charla-ambiental-CTY-2-300x225.jpg 300w, https:\/\/pjcanindeyu.gov.py\/wp-content\/uploads\/2025\/09\/charla-ambiental-CTY-2-768x576.jpg 768w, https:\/\/pjcanindeyu.gov.py\/wp-content\/uploads\/2025\/09\/charla-ambiental-CTY-2-1536x1152.jpg 1536w, https:\/\/pjcanindeyu.gov.py\/wp-content\/uploads\/2025\/09\/charla-ambiental-CTY-2.jpg 1600w\" sizes=\"auto, (max-width: 1024px) 100vw, 1024px\" \/><\/a><\/figure>\n\n\n\n<figure class=\"wp-block-image size-large\"><a href=\"https:\/\/pjcanindeyu.gov.py\/wp-content\/uploads\/2025\/09\/charla-ambiental-CTY-3.jpg\"><img loading=\"lazy\" decoding=\"async\" width=\"1024\" height=\"768\" data-id=\"4882\" src=\"https:\/\/pjcanindeyu.gov.py\/wp-content\/uploads\/2025\/09\/charla-ambiental-CTY-3-1024x768.jpg\" alt=\"\" class=\"wp-image-4882\" srcset=\"https:\/\/pjcanindeyu.gov.py\/wp-content\/uploads\/2025\/09\/charla-ambiental-CTY-3-1024x768.jpg 1024w, https:\/\/pjcanindeyu.gov.py\/wp-content\/uploads\/2025\/09\/charla-ambiental-CTY-3-300x225.jpg 300w, https:\/\/pjcanindeyu.gov.py\/wp-content\/uploads\/2025\/09\/charla-ambiental-CTY-3-768x576.jpg 768w, https:\/\/pjcanindeyu.gov.py\/wp-content\/uploads\/2025\/09\/charla-ambiental-CTY-3-1536x1152.jpg 1536w, https:\/\/pjcanindeyu.gov.py\/wp-content\/uploads\/2025\/09\/charla-ambiental-CTY-3.jpg 1600w\" sizes=\"auto, (max-width: 1024px) 100vw, 1024px\" \/><\/a><\/figure>\n\n\n\n<figure class=\"wp-block-image size-large\"><a href=\"https:\/\/pjcanindeyu.gov.py\/wp-content\/uploads\/2025\/09\/charla-ambiental-CTY-5.jpg\"><img loading=\"lazy\" decoding=\"async\" width=\"1024\" height=\"768\" data-id=\"4881\" src=\"https:\/\/pjcanindeyu.gov.py\/wp-content\/uploads\/2025\/09\/charla-ambiental-CTY-5-1024x768.jpg\" alt=\"\" class=\"wp-image-4881\" srcset=\"https:\/\/pjcanindeyu.gov.py\/wp-content\/uploads\/2025\/09\/charla-ambiental-CTY-5-1024x768.jpg 1024w, https:\/\/pjcanindeyu.gov.py\/wp-content\/uploads\/2025\/09\/charla-ambiental-CTY-5-300x225.jpg 300w, https:\/\/pjcanindeyu.gov.py\/wp-content\/uploads\/2025\/09\/charla-ambiental-CTY-5-768x576.jpg 768w, https:\/\/pjcanindeyu.gov.py\/wp-content\/uploads\/2025\/09\/charla-ambiental-CTY-5-1536x1152.jpg 1536w, https:\/\/pjcanindeyu.gov.py\/wp-content\/uploads\/2025\/09\/charla-ambiental-CTY-5.jpg 1600w\" sizes=\"auto, (max-width: 1024px) 100vw, 1024px\" \/><\/a><\/figure>\n\n\n\n<figure class=\"wp-block-image size-large\"><a href=\"https:\/\/pjcanindeyu.gov.py\/wp-content\/uploads\/2025\/09\/charla-ambiental-CTY-6.jpg\"><img loading=\"lazy\" decoding=\"async\" width=\"1024\" height=\"768\" data-id=\"4878\" src=\"https:\/\/pjcanindeyu.gov.py\/wp-content\/uploads\/2025\/09\/charla-ambiental-CTY-6-1024x768.jpg\" alt=\"\" class=\"wp-image-4878\" srcset=\"https:\/\/pjcanindeyu.gov.py\/wp-content\/uploads\/2025\/09\/charla-ambiental-CTY-6-1024x768.jpg 1024w, https:\/\/pjcanindeyu.gov.py\/wp-content\/uploads\/2025\/09\/charla-ambiental-CTY-6-300x225.jpg 300w, https:\/\/pjcanindeyu.gov.py\/wp-content\/uploads\/2025\/09\/charla-ambiental-CTY-6-768x576.jpg 768w, https:\/\/pjcanindeyu.gov.py\/wp-content\/uploads\/2025\/09\/charla-ambiental-CTY-6-1536x1152.jpg 1536w, https:\/\/pjcanindeyu.gov.py\/wp-content\/uploads\/2025\/09\/charla-ambiental-CTY-6.jpg 1600w\" sizes=\"auto, (max-width: 1024px) 100vw, 1024px\" \/><\/a><\/figure>\n\n\n\n<figure class=\"wp-block-image size-large\"><a href=\"https:\/\/pjcanindeyu.gov.py\/wp-content\/uploads\/2025\/09\/charla-ambiental-CTY.jpg\"><img loading=\"lazy\" decoding=\"async\" width=\"1024\" height=\"768\" data-id=\"4880\" src=\"https:\/\/pjcanindeyu.gov.py\/wp-content\/uploads\/2025\/09\/charla-ambiental-CTY-1024x768.jpg\" alt=\"\" class=\"wp-image-4880\" srcset=\"https:\/\/pjcanindeyu.gov.py\/wp-content\/uploads\/2025\/09\/charla-ambiental-CTY-1024x768.jpg 1024w, https:\/\/pjcanindeyu.gov.py\/wp-content\/uploads\/2025\/09\/charla-ambiental-CTY-300x225.jpg 300w, https:\/\/pjcanindeyu.gov.py\/wp-content\/uploads\/2025\/09\/charla-ambiental-CTY-768x576.jpg 768w, https:\/\/pjcanindeyu.gov.py\/wp-content\/uploads\/2025\/09\/charla-ambiental-CTY-1536x1152.jpg 1536w, https:\/\/pjcanindeyu.gov.py\/wp-content\/uploads\/2025\/09\/charla-ambiental-CTY.jpg 1600w\" sizes=\"auto, (max-width: 1024px) 100vw, 1024px\" \/><\/a><\/figure>\n<\/figure>\n\n\n\n<p>El programa del taller se centr\u00f3 en proporcionar herramientas y procedimientos esenciales para la gesti\u00f3n de servicios ambientales. Las presentaciones cubrieron temas como la aplicaci\u00f3n de la ley en procesos penales, el an\u00e1lisis del da\u00f1o ambiental y los procedimientos de registro de transacciones, ofreciendo un espacio para consultas y discusiones sobre la regulaci\u00f3n del mercado.<\/p>\n\n\n\n<p>La capacitaci\u00f3n, organizada para familiarizar a los participantes con el proceso de transacci\u00f3n de servicios ambientales y la documentaci\u00f3n requerida, cont\u00f3 con el apoyo de la Direcci\u00f3n del Medio Ambiente de la Corte Suprema de Justicia y el Ministerio del Ambiente y Desarrollo Sostenible (MADES). El apoyo al MADES se enmarca en la Acci\u00f3n 2 del Plan de Acci\u00f3n Pa\u00eds, acordado entre el Gobierno de Paraguay y el Programa EUROCLIMA, financiado por la Uni\u00f3n Europea e implementado por la Cooperaci\u00f3n Alemana al Desarrollo (GIZ).<\/p>\n\n\n\n<p><\/p>\n","protected":false},"excerpt":{"rendered":"<p>El Juzgado de Primera Instancia de Curuguaty fue sede, en la fecha, de un taller sobre gesti\u00f3n y transacci\u00f3n de servicios ambientales. El evento, realizado en la Sala de Juicios Orales, congreg\u00f3 a magistrados, funcionarios de la Circunscripci\u00f3n y miembros de la comunidad jur\u00eddica de la regi\u00f3n. La Abogada Edith [&hellip;]<\/p>\n","protected":false},"author":1,"featured_media":4882,"comment_status":"open","ping_status":"closed","sticky":false,"template":"","format":"standard","meta":{"footnotes":""},"categories":[2],"tags":[],"class_list":["post-4877","post","type-post","status-publish","format-standard","has-post-thumbnail","hentry","category-notas"],"_links":{"self":[{"href":"https:\/\/pjcanindeyu.gov.py\/index.php?rest_route=\/wp\/v2\/posts\/4877","targetHints":{"allow":["GET"]}}],"collection":[{"href":"https:\/\/pjcanindeyu.gov.py\/index.php?rest_route=\/wp\/v2\/posts"}],"about":[{"href":"https:\/\/pjcanindeyu.gov.py\/index.php?rest_route=\/wp\/v2\/types\/post"}],"author":[{"embeddable":true,"href":"https:\/\/pjcanindeyu.gov.py\/index.php?rest_route=\/wp\/v2\/users\/1"}],"replies":[{"embeddable":true,"href":"https:\/\/pjcanindeyu.gov.py\/index.php?rest_route=%2Fwp%2Fv2%2Fcomments&post=4877"}],"version-history":[{"count":3,"href":"https:\/\/pjcanindeyu.gov.py\/index.php?rest_route=\/wp\/v2\/posts\/4877\/revisions"}],"predecessor-version":[{"id":5085,"href":"https:\/\/pjcanindeyu.gov.py\/index.php?rest_route=\/wp\/v2\/posts\/4877\/revisions\/5085"}],"wp:featuredmedia":[{"embeddable":true,"href":"https:\/\/pjcanindeyu.gov.py\/index.php?rest_route=\/wp\/v2\/media\/4882"}],"wp:attachment":[{"href":"https:\/\/pjcanindeyu.gov.py\/index.php?rest_route=%2Fwp%2Fv2%2Fmedia&parent=4877"}],"wp:term":[{"taxonomy":"category","embeddable":true,"href":"https:\/\/pjcanindeyu.gov.py\/index.php?rest_route=%2Fwp%2Fv2%2Fcategories&post=4877"},{"taxonomy":"post_tag","embeddable":true,"href":"https:\/\/pjcanindeyu.gov.py\/index.php?rest_route=%2Fwp%2Fv2%2Ftags&post=4877"}],"curies":[{"name":"wp","href":"https:\/\/api.w.org\/{rel}","templated":true}]}}