
{"id":4908,"date":"2025-10-02T06:20:13","date_gmt":"2025-10-02T10:20:13","guid":{"rendered":"https:\/\/pjcanindeyu.gov.py\/?p=4908"},"modified":"2025-10-06T06:21:50","modified_gmt":"2025-10-06T10:21:50","slug":"asueto-judicial-en-el-distrito-de-ypejhu-por-conmemoracion-de-emancipacion-distrital","status":"publish","type":"post","link":"https:\/\/pjcanindeyu.gov.py\/?p=4908","title":{"rendered":"Asueto judicial en el distrito de Ypejhu por conmemoraci\u00f3n de emancipaci\u00f3n distrital"},"content":{"rendered":"\n<p>La Corte Suprema de Justicia en sesi\u00f3n plenaria de la fecha, aprob\u00f3 declarar <a><\/a>asueto judicial para el pr\u00f3ximo, viernes 03 de octubre del cte. mes, en el distrito de Ypejh\u00fa, Circunscripci\u00f3n Judicial de Canindey\u00fa, en virtud a los actos conmemorativos por el aniversario de elevaci\u00f3n distrital de dicha ciudad. Asimismo, estableci\u00f3 que los plazos procesales que vencen en la fecha mencionada fenezcan el lunes 6 de dicho mes.<\/p>\n\n\n\n<figure class=\"wp-block-gallery has-nested-images columns-default is-cropped galeria wp-block-gallery-1 is-layout-flex wp-block-gallery-is-layout-flex\">\n<figure class=\"wp-block-image size-large\"><a href=\"https:\/\/pjcanindeyu.gov.py\/wp-content\/uploads\/2025\/10\/Sesion-01-10-2025.jpg\"><img loading=\"lazy\" decoding=\"async\" width=\"486\" height=\"340\" data-id=\"4909\" src=\"https:\/\/pjcanindeyu.gov.py\/wp-content\/uploads\/2025\/10\/Sesion-01-10-2025.jpg\" alt=\"\" class=\"wp-image-4909\" srcset=\"https:\/\/pjcanindeyu.gov.py\/wp-content\/uploads\/2025\/10\/Sesion-01-10-2025.jpg 486w, https:\/\/pjcanindeyu.gov.py\/wp-content\/uploads\/2025\/10\/Sesion-01-10-2025-300x210.jpg 300w\" sizes=\"auto, (max-width: 486px) 100vw, 486px\" \/><\/a><\/figure>\n<\/figure>\n","protected":false},"excerpt":{"rendered":"<p>La Corte Suprema de Justicia en sesi\u00f3n plenaria de la fecha, aprob\u00f3 declarar asueto judicial para el pr\u00f3ximo, viernes 03 de octubre del cte. mes, en el distrito de Ypejh\u00fa, Circunscripci\u00f3n Judicial de Canindey\u00fa, en virtud a los actos conmemorativos por el aniversario de elevaci\u00f3n distrital de dicha ciudad. Asimismo, [&hellip;]<\/p>\n","protected":false},"author":1,"featured_media":4909,"comment_status":"open","ping_status":"closed","sticky":false,"template":"","format":"standard","meta":{"footnotes":""},"categories":[2],"tags":[],"class_list":["post-4908","post","type-post","status-publish","format-standard","has-post-thumbnail","hentry","category-notas"],"_links":{"self":[{"href":"https:\/\/pjcanindeyu.gov.py\/index.php?rest_route=\/wp\/v2\/posts\/4908","targetHints":{"allow":["GET"]}}],"collection":[{"href":"https:\/\/pjcanindeyu.gov.py\/index.php?rest_route=\/wp\/v2\/posts"}],"about":[{"href":"https:\/\/pjcanindeyu.gov.py\/index.php?rest_route=\/wp\/v2\/types\/post"}],"author":[{"embeddable":true,"href":"https:\/\/pjcanindeyu.gov.py\/index.php?rest_route=\/wp\/v2\/users\/1"}],"replies":[{"embeddable":true,"href":"https:\/\/pjcanindeyu.gov.py\/index.php?rest_route=%2Fwp%2Fv2%2Fcomments&post=4908"}],"version-history":[{"count":1,"href":"https:\/\/pjcanindeyu.gov.py\/index.php?rest_route=\/wp\/v2\/posts\/4908\/revisions"}],"predecessor-version":[{"id":4910,"href":"https:\/\/pjcanindeyu.gov.py\/index.php?rest_route=\/wp\/v2\/posts\/4908\/revisions\/4910"}],"wp:featuredmedia":[{"embeddable":true,"href":"https:\/\/pjcanindeyu.gov.py\/index.php?rest_route=\/wp\/v2\/media\/4909"}],"wp:attachment":[{"href":"https:\/\/pjcanindeyu.gov.py\/index.php?rest_route=%2Fwp%2Fv2%2Fmedia&parent=4908"}],"wp:term":[{"taxonomy":"category","embeddable":true,"href":"https:\/\/pjcanindeyu.gov.py\/index.php?rest_route=%2Fwp%2Fv2%2Fcategories&post=4908"},{"taxonomy":"post_tag","embeddable":true,"href":"https:\/\/pjcanindeyu.gov.py\/index.php?rest_route=%2Fwp%2Fv2%2Ftags&post=4908"}],"curies":[{"name":"wp","href":"https:\/\/api.w.org\/{rel}","templated":true}]}}