
{"id":4937,"date":"2025-10-10T08:57:00","date_gmt":"2025-10-10T12:57:00","guid":{"rendered":"https:\/\/pjcanindeyu.gov.py\/?p=4937"},"modified":"2025-10-10T11:03:27","modified_gmt":"2025-10-10T15:03:27","slug":"funcionarias-de-la-circunscripcion-de-canindeyu-participaron-en-jornadas-de-capacitacion-sobre-gestion-y-organizacion-de-documentos","status":"publish","type":"post","link":"https:\/\/pjcanindeyu.gov.py\/?p=4937","title":{"rendered":"Funcionarias de la Circunscripci\u00f3n de Canindey\u00fa participaron en jornadas de capacitaci\u00f3n sobre Gesti\u00f3n y Organizaci\u00f3n de Documentos"},"content":{"rendered":"\n<p>La Comisi\u00f3n de Trabajo de Archivo Hist\u00f3rico del Archivo General de los Tribunales, con apoyo del Centro Internacional de Estudios Judiciales (CIEJ), llevo a cabo las Jornadas de Capacitaci\u00f3n sobre \u201cGesti\u00f3n y Organizaci\u00f3n de Documentos\u201d. En representaci\u00f3n de la Circunscripci\u00f3n Judicial de Canindey\u00fa participaron la Abg. Rosana Gonz\u00e1lez y F\u00e1tima L\u00f3pez, funcionarias de las Oficinas Regionales de Archivos de Curuguaty y Saltos del Guair\u00e1 respectivamente.<br>La capacitaci\u00f3n contempl\u00f3 el fortalecimiento de las competencias de los funcionarios del archivo, secretarias, oficinas de gesti\u00f3n de documentos, juzgados entre otros, en materia de gesti\u00f3n organizacional, descripci\u00f3n y preservaci\u00f3n documental. Las disertaciones estuvo a cargo de la Magister Nuria Carreras Font y Magister Carmen Blanco Cort\u00e9s, representantes de Archiveros Sin Fronteras Internacional (AsF \u2013 Espa\u00f1a). Estas jornadas buscan redundar la consolidaci\u00f3n de un equipo t\u00e9cnico capaz de garantizar la sostenibilidad de los procesos archiv\u00edsticos a corto, mediano y largo plazo de la Corte Suprema de Justicia.<br>El encuentro cont\u00f3 con la presencia de la directora de los Archivos General de los Tribunales del Poder Judicial, la doctora Marta Pati\u00f1o, acompa\u00f1ada de la directora de la Biblioteca Jur\u00eddica \u201cBernardino Caballero\u201d, del Poder Judicial, la licenciada Alicia Galeano y por el abogado Fernando Insaurralde, administrador de fueros.<\/p>\n\n\n\n<figure class=\"wp-block-gallery has-nested-images columns-4 is-cropped galeria wp-block-gallery-1 is-layout-flex wp-block-gallery-is-layout-flex\">\n<figure class=\"wp-block-image size-large\"><a href=\"https:\/\/pjcanindeyu.gov.py\/wp-content\/uploads\/2025\/10\/capacitacion-0-scaled.jpg\"><img loading=\"lazy\" decoding=\"async\" width=\"1024\" height=\"576\" data-id=\"4938\" src=\"https:\/\/pjcanindeyu.gov.py\/wp-content\/uploads\/2025\/10\/capacitacion-0-1024x576.jpg\" alt=\"\" class=\"wp-image-4938\" srcset=\"https:\/\/pjcanindeyu.gov.py\/wp-content\/uploads\/2025\/10\/capacitacion-0-1024x576.jpg 1024w, https:\/\/pjcanindeyu.gov.py\/wp-content\/uploads\/2025\/10\/capacitacion-0-300x169.jpg 300w, https:\/\/pjcanindeyu.gov.py\/wp-content\/uploads\/2025\/10\/capacitacion-0-768x432.jpg 768w, https:\/\/pjcanindeyu.gov.py\/wp-content\/uploads\/2025\/10\/capacitacion-0-1536x864.jpg 1536w, https:\/\/pjcanindeyu.gov.py\/wp-content\/uploads\/2025\/10\/capacitacion-0-2048x1153.jpg 2048w, https:\/\/pjcanindeyu.gov.py\/wp-content\/uploads\/2025\/10\/capacitacion-0-1280x720.jpg 1280w\" sizes=\"auto, (max-width: 1024px) 100vw, 1024px\" \/><\/a><\/figure>\n\n\n\n<figure class=\"wp-block-image size-large\"><a href=\"https:\/\/pjcanindeyu.gov.py\/wp-content\/uploads\/2025\/10\/capacitacion-2.jpg\"><img loading=\"lazy\" decoding=\"async\" width=\"960\" height=\"535\" data-id=\"4940\" src=\"https:\/\/pjcanindeyu.gov.py\/wp-content\/uploads\/2025\/10\/capacitacion-2.jpg\" alt=\"\" class=\"wp-image-4940\" srcset=\"https:\/\/pjcanindeyu.gov.py\/wp-content\/uploads\/2025\/10\/capacitacion-2.jpg 960w, https:\/\/pjcanindeyu.gov.py\/wp-content\/uploads\/2025\/10\/capacitacion-2-300x167.jpg 300w, https:\/\/pjcanindeyu.gov.py\/wp-content\/uploads\/2025\/10\/capacitacion-2-768x428.jpg 768w\" sizes=\"auto, (max-width: 960px) 100vw, 960px\" \/><\/a><\/figure>\n\n\n\n<figure class=\"wp-block-image size-large\"><a href=\"https:\/\/pjcanindeyu.gov.py\/wp-content\/uploads\/2025\/10\/capacitacion-3.jpg\"><img loading=\"lazy\" decoding=\"async\" width=\"960\" height=\"639\" data-id=\"4941\" src=\"https:\/\/pjcanindeyu.gov.py\/wp-content\/uploads\/2025\/10\/capacitacion-3.jpg\" alt=\"\" class=\"wp-image-4941\" srcset=\"https:\/\/pjcanindeyu.gov.py\/wp-content\/uploads\/2025\/10\/capacitacion-3.jpg 960w, https:\/\/pjcanindeyu.gov.py\/wp-content\/uploads\/2025\/10\/capacitacion-3-300x200.jpg 300w, https:\/\/pjcanindeyu.gov.py\/wp-content\/uploads\/2025\/10\/capacitacion-3-768x511.jpg 768w\" sizes=\"auto, (max-width: 960px) 100vw, 960px\" \/><\/a><\/figure>\n\n\n\n<figure class=\"wp-block-image size-large\"><img loading=\"lazy\" decoding=\"async\" width=\"1024\" height=\"576\" data-id=\"4942\" src=\"https:\/\/pjcanindeyu.gov.py\/wp-content\/uploads\/2025\/10\/capacitacion-6.jpg-1024x576.png\" alt=\"\" class=\"wp-image-4942\" srcset=\"https:\/\/pjcanindeyu.gov.py\/wp-content\/uploads\/2025\/10\/capacitacion-6.jpg-1024x576.png 1024w, https:\/\/pjcanindeyu.gov.py\/wp-content\/uploads\/2025\/10\/capacitacion-6.jpg-300x169.png 300w, https:\/\/pjcanindeyu.gov.py\/wp-content\/uploads\/2025\/10\/capacitacion-6.jpg-768x432.png 768w, https:\/\/pjcanindeyu.gov.py\/wp-content\/uploads\/2025\/10\/capacitacion-6.jpg-1536x864.png 1536w, https:\/\/pjcanindeyu.gov.py\/wp-content\/uploads\/2025\/10\/capacitacion-6.jpg-2048x1153.png 2048w, https:\/\/pjcanindeyu.gov.py\/wp-content\/uploads\/2025\/10\/capacitacion-6.jpg-1280x720.png 1280w\" sizes=\"auto, (max-width: 1024px) 100vw, 1024px\" \/><\/figure>\n\n\n\n<figure class=\"wp-block-image size-large\"><a href=\"https:\/\/pjcanindeyu.gov.py\/wp-content\/uploads\/2025\/10\/capacitacion-1-scaled.jpg\"><img loading=\"lazy\" decoding=\"async\" width=\"1024\" height=\"576\" data-id=\"4939\" src=\"https:\/\/pjcanindeyu.gov.py\/wp-content\/uploads\/2025\/10\/capacitacion-1-1024x576.jpg\" alt=\"\" class=\"wp-image-4939\" srcset=\"https:\/\/pjcanindeyu.gov.py\/wp-content\/uploads\/2025\/10\/capacitacion-1-1024x576.jpg 1024w, https:\/\/pjcanindeyu.gov.py\/wp-content\/uploads\/2025\/10\/capacitacion-1-300x169.jpg 300w, https:\/\/pjcanindeyu.gov.py\/wp-content\/uploads\/2025\/10\/capacitacion-1-768x432.jpg 768w, https:\/\/pjcanindeyu.gov.py\/wp-content\/uploads\/2025\/10\/capacitacion-1-1536x864.jpg 1536w, https:\/\/pjcanindeyu.gov.py\/wp-content\/uploads\/2025\/10\/capacitacion-1-2048x1153.jpg 2048w, https:\/\/pjcanindeyu.gov.py\/wp-content\/uploads\/2025\/10\/capacitacion-1-1280x720.jpg 1280w\" sizes=\"auto, (max-width: 1024px) 100vw, 1024px\" \/><\/a><\/figure>\n<\/figure>\n","protected":false},"excerpt":{"rendered":"<p>La Comisi\u00f3n de Trabajo de Archivo Hist\u00f3rico del Archivo General de los Tribunales, con apoyo del Centro Internacional de Estudios Judiciales (CIEJ), llevo a cabo las Jornadas de Capacitaci\u00f3n sobre \u201cGesti\u00f3n y Organizaci\u00f3n de Documentos\u201d. En representaci\u00f3n de la Circunscripci\u00f3n Judicial de Canindey\u00fa participaron la Abg. Rosana Gonz\u00e1lez y F\u00e1tima [&hellip;]<\/p>\n","protected":false},"author":1,"featured_media":4939,"comment_status":"open","ping_status":"closed","sticky":false,"template":"","format":"standard","meta":{"footnotes":""},"categories":[2],"tags":[],"class_list":["post-4937","post","type-post","status-publish","format-standard","has-post-thumbnail","hentry","category-notas"],"_links":{"self":[{"href":"https:\/\/pjcanindeyu.gov.py\/index.php?rest_route=\/wp\/v2\/posts\/4937","targetHints":{"allow":["GET"]}}],"collection":[{"href":"https:\/\/pjcanindeyu.gov.py\/index.php?rest_route=\/wp\/v2\/posts"}],"about":[{"href":"https:\/\/pjcanindeyu.gov.py\/index.php?rest_route=\/wp\/v2\/types\/post"}],"author":[{"embeddable":true,"href":"https:\/\/pjcanindeyu.gov.py\/index.php?rest_route=\/wp\/v2\/users\/1"}],"replies":[{"embeddable":true,"href":"https:\/\/pjcanindeyu.gov.py\/index.php?rest_route=%2Fwp%2Fv2%2Fcomments&post=4937"}],"version-history":[{"count":1,"href":"https:\/\/pjcanindeyu.gov.py\/index.php?rest_route=\/wp\/v2\/posts\/4937\/revisions"}],"predecessor-version":[{"id":4943,"href":"https:\/\/pjcanindeyu.gov.py\/index.php?rest_route=\/wp\/v2\/posts\/4937\/revisions\/4943"}],"wp:featuredmedia":[{"embeddable":true,"href":"https:\/\/pjcanindeyu.gov.py\/index.php?rest_route=\/wp\/v2\/media\/4939"}],"wp:attachment":[{"href":"https:\/\/pjcanindeyu.gov.py\/index.php?rest_route=%2Fwp%2Fv2%2Fmedia&parent=4937"}],"wp:term":[{"taxonomy":"category","embeddable":true,"href":"https:\/\/pjcanindeyu.gov.py\/index.php?rest_route=%2Fwp%2Fv2%2Fcategories&post=4937"},{"taxonomy":"post_tag","embeddable":true,"href":"https:\/\/pjcanindeyu.gov.py\/index.php?rest_route=%2Fwp%2Fv2%2Ftags&post=4937"}],"curies":[{"name":"wp","href":"https:\/\/api.w.org\/{rel}","templated":true}]}}