
{"id":5088,"date":"2025-11-05T10:28:01","date_gmt":"2025-11-05T14:28:01","guid":{"rendered":"https:\/\/pjcanindeyu.gov.py\/?p=5088"},"modified":"2025-11-05T11:11:16","modified_gmt":"2025-11-05T15:11:16","slug":"magistrada-judicial-de-canindeyu-confirmada-por-la-corte-suprema-de-justicia","status":"publish","type":"post","link":"https:\/\/pjcanindeyu.gov.py\/?p=5088","title":{"rendered":"Magistrada Judicial de Canindey\u00fa, confirmada por la Corte Suprema de Justicia"},"content":{"rendered":"\n<p>En sesi\u00f3n plenaria llevada a cabo el d\u00eda de la fecha, el pleno de <a><\/a>la Corte Suprema de Justicia confirm\u00f3 por un per\u00edodo m\u00e1s, a la Abg. Rut Dominga Contrera Mart\u00ednez, Jueza de la Ni\u00f1ez y la Adolescencia de Saltos del Guair\u00e1 de la Circunscripci\u00f3n Judicial de Canindey\u00fa.<\/p>\n\n\n\n<p>La Superintendencia de la Circunscripci\u00f3n, a cargo de la Ministra, Dra. Prof. Carolina Llanes, y el Consejo de Administraci\u00f3n, expresan sus mejores deseos de \u00e9xitos a la Magistrada confirmada en el desempe\u00f1o de sus funciones a beneficio de la sociedad.<\/p>\n\n\n\n<figure class=\"wp-block-gallery has-nested-images columns-default is-cropped galeria wp-block-gallery-1 is-layout-flex wp-block-gallery-is-layout-flex\">\n<figure class=\"wp-block-image size-large\"><a href=\"https:\/\/pjcanindeyu.gov.py\/wp-content\/uploads\/2025\/11\/Confirmacion-penal-Rut-Contrera-3.png\"><img loading=\"lazy\" decoding=\"async\" width=\"756\" height=\"1024\" data-id=\"5093\" src=\"https:\/\/pjcanindeyu.gov.py\/wp-content\/uploads\/2025\/11\/Confirmacion-penal-Rut-Contrera-3-756x1024.png\" alt=\"\" class=\"wp-image-5093\" srcset=\"https:\/\/pjcanindeyu.gov.py\/wp-content\/uploads\/2025\/11\/Confirmacion-penal-Rut-Contrera-3-756x1024.png 756w, https:\/\/pjcanindeyu.gov.py\/wp-content\/uploads\/2025\/11\/Confirmacion-penal-Rut-Contrera-3-221x300.png 221w, https:\/\/pjcanindeyu.gov.py\/wp-content\/uploads\/2025\/11\/Confirmacion-penal-Rut-Contrera-3-768x1041.png 768w, https:\/\/pjcanindeyu.gov.py\/wp-content\/uploads\/2025\/11\/Confirmacion-penal-Rut-Contrera-3-1134x1536.png 1134w, https:\/\/pjcanindeyu.gov.py\/wp-content\/uploads\/2025\/11\/Confirmacion-penal-Rut-Contrera-3.png 1780w\" sizes=\"auto, (max-width: 756px) 100vw, 756px\" \/><\/a><\/figure>\n<\/figure>\n","protected":false},"excerpt":{"rendered":"<p>En sesi\u00f3n plenaria llevada a cabo el d\u00eda de la fecha, el pleno de la Corte Suprema de Justicia confirm\u00f3 por un per\u00edodo m\u00e1s, a la Abg. Rut Dominga Contrera Mart\u00ednez, Jueza de la Ni\u00f1ez y la Adolescencia de Saltos del Guair\u00e1 de la Circunscripci\u00f3n Judicial de Canindey\u00fa. La Superintendencia [&hellip;]<\/p>\n","protected":false},"author":1,"featured_media":5094,"comment_status":"open","ping_status":"closed","sticky":false,"template":"","format":"standard","meta":{"footnotes":""},"categories":[2],"tags":[],"class_list":["post-5088","post","type-post","status-publish","format-standard","has-post-thumbnail","hentry","category-notas"],"_links":{"self":[{"href":"https:\/\/pjcanindeyu.gov.py\/index.php?rest_route=\/wp\/v2\/posts\/5088","targetHints":{"allow":["GET"]}}],"collection":[{"href":"https:\/\/pjcanindeyu.gov.py\/index.php?rest_route=\/wp\/v2\/posts"}],"about":[{"href":"https:\/\/pjcanindeyu.gov.py\/index.php?rest_route=\/wp\/v2\/types\/post"}],"author":[{"embeddable":true,"href":"https:\/\/pjcanindeyu.gov.py\/index.php?rest_route=\/wp\/v2\/users\/1"}],"replies":[{"embeddable":true,"href":"https:\/\/pjcanindeyu.gov.py\/index.php?rest_route=%2Fwp%2Fv2%2Fcomments&post=5088"}],"version-history":[{"count":2,"href":"https:\/\/pjcanindeyu.gov.py\/index.php?rest_route=\/wp\/v2\/posts\/5088\/revisions"}],"predecessor-version":[{"id":5096,"href":"https:\/\/pjcanindeyu.gov.py\/index.php?rest_route=\/wp\/v2\/posts\/5088\/revisions\/5096"}],"wp:featuredmedia":[{"embeddable":true,"href":"https:\/\/pjcanindeyu.gov.py\/index.php?rest_route=\/wp\/v2\/media\/5094"}],"wp:attachment":[{"href":"https:\/\/pjcanindeyu.gov.py\/index.php?rest_route=%2Fwp%2Fv2%2Fmedia&parent=5088"}],"wp:term":[{"taxonomy":"category","embeddable":true,"href":"https:\/\/pjcanindeyu.gov.py\/index.php?rest_route=%2Fwp%2Fv2%2Fcategories&post=5088"},{"taxonomy":"post_tag","embeddable":true,"href":"https:\/\/pjcanindeyu.gov.py\/index.php?rest_route=%2Fwp%2Fv2%2Ftags&post=5088"}],"curies":[{"name":"wp","href":"https:\/\/api.w.org\/{rel}","templated":true}]}}