
{"id":5109,"date":"2025-11-06T11:30:00","date_gmt":"2025-11-06T15:30:00","guid":{"rendered":"https:\/\/pjcanindeyu.gov.py\/?p=5109"},"modified":"2025-11-10T07:31:54","modified_gmt":"2025-11-10T11:31:54","slug":"miembros-del-consejo-de-administracion-de-canindeyu-reciben-en-audiencia-a-representantes-de-novel-comision-directiva-del-colegio-de-abogados-de-curuguaty","status":"publish","type":"post","link":"https:\/\/pjcanindeyu.gov.py\/?p=5109","title":{"rendered":"Miembros del Consejo reciben en audiencia a representantes del Colegio de Abogados de Curuguaty"},"content":{"rendered":"\n<p>En la fecha, en la sede del Palacio de Justicia de Saltos del Guair\u00e1, el presidente del Consejo de Administraci\u00f3n, Abg. Gustavo H. Br\u00edtez, y la Vicepresidenta, Abg. Edith Mart\u00ednez, recibieron en audiencia a la novel comisi\u00f3n directiva del Colegio de Abogados de Curuguaty, encabezada por su presidenta, la Abg. Lucy Mabel Figueredo y comisi\u00f3n directiva.<\/p>\n\n\n\n<figure class=\"wp-block-gallery has-nested-images columns-default is-cropped galeria wp-block-gallery-1 is-layout-flex wp-block-gallery-is-layout-flex\">\n<figure class=\"wp-block-image size-large\"><a href=\"https:\/\/pjcanindeyu.gov.py\/?attachment_id=5110\"><img loading=\"lazy\" decoding=\"async\" width=\"1024\" height=\"709\" data-id=\"5110\" src=\"https:\/\/pjcanindeyu.gov.py\/wp-content\/uploads\/2025\/11\/Recepcion-1024x709.png\" alt=\"\" class=\"wp-image-5110\" srcset=\"https:\/\/pjcanindeyu.gov.py\/wp-content\/uploads\/2025\/11\/Recepcion-1024x709.png 1024w, https:\/\/pjcanindeyu.gov.py\/wp-content\/uploads\/2025\/11\/Recepcion-300x208.png 300w, https:\/\/pjcanindeyu.gov.py\/wp-content\/uploads\/2025\/11\/Recepcion-768x532.png 768w, https:\/\/pjcanindeyu.gov.py\/wp-content\/uploads\/2025\/11\/Recepcion.png 1536w\" sizes=\"auto, (max-width: 1024px) 100vw, 1024px\" \/><\/a><\/figure>\n<\/figure>\n\n\n\n<p>El presidente, en su intervenci\u00f3n, destac\u00f3 la importancia de estrechar los canales de comunicaci\u00f3n con las agremiaciones de profesionales del derecho, a los efectos de coadyuvar con los esfuerzos comunes, coordinar gestiones de inter\u00e9s institucional y recibir las inquietudes del gremio, con miras a impulsar mejoras en la administraci\u00f3n de justicia dentro de la Circunscripci\u00f3n Judicial de Canindey\u00fa.<\/p>\n\n\n\n<p>Durante el encuentro, se realiz\u00f3 la comunicaci\u00f3n oficial de la conformaci\u00f3n de la nueva Comisi\u00f3n Directiva del Colegio de Abogados de Curuguaty, electa en el presente mes, que comienza a ejercer sus funciones.<\/p>\n\n\n\n<p>Ambas partes manifestaron su inter\u00e9s en fortalecer la colaboraci\u00f3n y los lazos de trabajo conjunto, en busca de una justicia m\u00e1s eficiente, cercana y transparente.<\/p>\n","protected":false},"excerpt":{"rendered":"<p>En la fecha, en la sede del Palacio de Justicia de Saltos del Guair\u00e1, el presidente del Consejo de Administraci\u00f3n, Abg. Gustavo H. Br\u00edtez, y la Vicepresidenta, Abg. Edith Mart\u00ednez, recibieron en audiencia a la novel comisi\u00f3n directiva del Colegio de Abogados de Curuguaty, encabezada por su presidenta, la Abg. [&hellip;]<\/p>\n","protected":false},"author":1,"featured_media":5113,"comment_status":"open","ping_status":"closed","sticky":false,"template":"","format":"standard","meta":{"footnotes":""},"categories":[2],"tags":[],"class_list":["post-5109","post","type-post","status-publish","format-standard","has-post-thumbnail","hentry","category-notas"],"_links":{"self":[{"href":"https:\/\/pjcanindeyu.gov.py\/index.php?rest_route=\/wp\/v2\/posts\/5109","targetHints":{"allow":["GET"]}}],"collection":[{"href":"https:\/\/pjcanindeyu.gov.py\/index.php?rest_route=\/wp\/v2\/posts"}],"about":[{"href":"https:\/\/pjcanindeyu.gov.py\/index.php?rest_route=\/wp\/v2\/types\/post"}],"author":[{"embeddable":true,"href":"https:\/\/pjcanindeyu.gov.py\/index.php?rest_route=\/wp\/v2\/users\/1"}],"replies":[{"embeddable":true,"href":"https:\/\/pjcanindeyu.gov.py\/index.php?rest_route=%2Fwp%2Fv2%2Fcomments&post=5109"}],"version-history":[{"count":2,"href":"https:\/\/pjcanindeyu.gov.py\/index.php?rest_route=\/wp\/v2\/posts\/5109\/revisions"}],"predecessor-version":[{"id":5116,"href":"https:\/\/pjcanindeyu.gov.py\/index.php?rest_route=\/wp\/v2\/posts\/5109\/revisions\/5116"}],"wp:featuredmedia":[{"embeddable":true,"href":"https:\/\/pjcanindeyu.gov.py\/index.php?rest_route=\/wp\/v2\/media\/5113"}],"wp:attachment":[{"href":"https:\/\/pjcanindeyu.gov.py\/index.php?rest_route=%2Fwp%2Fv2%2Fmedia&parent=5109"}],"wp:term":[{"taxonomy":"category","embeddable":true,"href":"https:\/\/pjcanindeyu.gov.py\/index.php?rest_route=%2Fwp%2Fv2%2Fcategories&post=5109"},{"taxonomy":"post_tag","embeddable":true,"href":"https:\/\/pjcanindeyu.gov.py\/index.php?rest_route=%2Fwp%2Fv2%2Ftags&post=5109"}],"curies":[{"name":"wp","href":"https:\/\/api.w.org\/{rel}","templated":true}]}}