
{"id":5130,"date":"2025-11-12T10:39:22","date_gmt":"2025-11-12T14:39:22","guid":{"rendered":"https:\/\/pjcanindeyu.gov.py\/?p=5130"},"modified":"2025-11-12T10:41:46","modified_gmt":"2025-11-12T14:41:46","slug":"asueto-judicial-en-el-distrito-de-itanara-por-conmemoracion-de-fecha-fundacional","status":"publish","type":"post","link":"https:\/\/pjcanindeyu.gov.py\/?p=5130","title":{"rendered":"Asueto judicial en el distrito de Itanar\u00e1 por conmemoraci\u00f3n de fecha fundacional"},"content":{"rendered":"\n<p>La Corte Suprema de Justicia en sesi\u00f3n plenaria de la fecha, aprob\u00f3 <a><\/a>declarar asueto judicial para el pr\u00f3ximo, viernes 14 de noviembre del cte. mes, en el distrito de Itanar\u00e1, Circunscripci\u00f3n Judicial de Canindey\u00fa, en virtud a los actos conmemorativos por el aniversario de fundaci\u00f3n de dicha ciudad. Asimismo, estableci\u00f3 que los plazos procesales que vencen en la fecha mencionada fenezcan el lunes 17 de dicho mes.<\/p>\n\n\n\n<figure class=\"wp-block-video galeria calendario-responsive\"><video height=\"382\" style=\"aspect-ratio: 848 \/ 382;\" width=\"848\" controls src=\"https:\/\/pjcanindeyu.gov.py\/wp-content\/uploads\/2025\/11\/Asueto-de-Itanara.mp4\"><\/video><\/figure>\n","protected":false},"excerpt":{"rendered":"<p>La Corte Suprema de Justicia en sesi\u00f3n plenaria de la fecha, aprob\u00f3 declarar asueto judicial para el pr\u00f3ximo, viernes 14 de noviembre del cte. mes, en el distrito de Itanar\u00e1, Circunscripci\u00f3n Judicial de Canindey\u00fa, en virtud a los actos conmemorativos por el aniversario de fundaci\u00f3n de dicha ciudad. Asimismo, estableci\u00f3 [&hellip;]<\/p>\n","protected":false},"author":1,"featured_media":5132,"comment_status":"open","ping_status":"closed","sticky":false,"template":"","format":"standard","meta":{"footnotes":""},"categories":[2],"tags":[],"class_list":["post-5130","post","type-post","status-publish","format-standard","has-post-thumbnail","hentry","category-notas"],"_links":{"self":[{"href":"https:\/\/pjcanindeyu.gov.py\/index.php?rest_route=\/wp\/v2\/posts\/5130","targetHints":{"allow":["GET"]}}],"collection":[{"href":"https:\/\/pjcanindeyu.gov.py\/index.php?rest_route=\/wp\/v2\/posts"}],"about":[{"href":"https:\/\/pjcanindeyu.gov.py\/index.php?rest_route=\/wp\/v2\/types\/post"}],"author":[{"embeddable":true,"href":"https:\/\/pjcanindeyu.gov.py\/index.php?rest_route=\/wp\/v2\/users\/1"}],"replies":[{"embeddable":true,"href":"https:\/\/pjcanindeyu.gov.py\/index.php?rest_route=%2Fwp%2Fv2%2Fcomments&post=5130"}],"version-history":[{"count":2,"href":"https:\/\/pjcanindeyu.gov.py\/index.php?rest_route=\/wp\/v2\/posts\/5130\/revisions"}],"predecessor-version":[{"id":5134,"href":"https:\/\/pjcanindeyu.gov.py\/index.php?rest_route=\/wp\/v2\/posts\/5130\/revisions\/5134"}],"wp:featuredmedia":[{"embeddable":true,"href":"https:\/\/pjcanindeyu.gov.py\/index.php?rest_route=\/wp\/v2\/media\/5132"}],"wp:attachment":[{"href":"https:\/\/pjcanindeyu.gov.py\/index.php?rest_route=%2Fwp%2Fv2%2Fmedia&parent=5130"}],"wp:term":[{"taxonomy":"category","embeddable":true,"href":"https:\/\/pjcanindeyu.gov.py\/index.php?rest_route=%2Fwp%2Fv2%2Fcategories&post=5130"},{"taxonomy":"post_tag","embeddable":true,"href":"https:\/\/pjcanindeyu.gov.py\/index.php?rest_route=%2Fwp%2Fv2%2Ftags&post=5130"}],"curies":[{"name":"wp","href":"https:\/\/api.w.org\/{rel}","templated":true}]}}