
{"id":5138,"date":"2025-11-13T08:41:00","date_gmt":"2025-11-13T12:41:00","guid":{"rendered":"https:\/\/pjcanindeyu.gov.py\/?p=5138"},"modified":"2025-11-13T08:41:00","modified_gmt":"2025-11-13T12:41:00","slug":"juran-nuevos-facilitadores-judiciales-en-el-distrito-de-itanara","status":"publish","type":"post","link":"https:\/\/pjcanindeyu.gov.py\/?p=5138","title":{"rendered":"Juran nuevos Facilitadores Judiciales en el Distrito de Itanar\u00e1"},"content":{"rendered":"\n<p>En un acto celebrado ayer, 12 de noviembre, en el Sal\u00f3n de la Iglesia la Inmaculada Concepci\u00f3n del distrito de Itanar\u00e1, siete ciudadanos prestaron juramento como nuevos Facilitadores Judiciales para la Circunscripci\u00f3n de Canindey\u00fa.<\/p>\n\n\n\n<figure class=\"wp-block-gallery has-nested-images columns-4 is-cropped galeria wp-block-gallery-1 is-layout-flex wp-block-gallery-is-layout-flex\">\n<figure class=\"wp-block-image size-large\"><a href=\"https:\/\/pjcanindeyu.gov.py\/wp-content\/uploads\/2025\/11\/Sin-titulo.jpg33.jpg\"><img loading=\"lazy\" decoding=\"async\" width=\"1024\" height=\"768\" data-id=\"5140\" src=\"https:\/\/pjcanindeyu.gov.py\/wp-content\/uploads\/2025\/11\/Sin-titulo.jpg33-1024x768.jpg\" alt=\"\" class=\"wp-image-5140\" srcset=\"https:\/\/pjcanindeyu.gov.py\/wp-content\/uploads\/2025\/11\/Sin-titulo.jpg33-1024x768.jpg 1024w, https:\/\/pjcanindeyu.gov.py\/wp-content\/uploads\/2025\/11\/Sin-titulo.jpg33-300x225.jpg 300w, https:\/\/pjcanindeyu.gov.py\/wp-content\/uploads\/2025\/11\/Sin-titulo.jpg33-768x576.jpg 768w, https:\/\/pjcanindeyu.gov.py\/wp-content\/uploads\/2025\/11\/Sin-titulo.jpg33-1536x1152.jpg 1536w, https:\/\/pjcanindeyu.gov.py\/wp-content\/uploads\/2025\/11\/Sin-titulo.jpg33.jpg 1600w\" sizes=\"auto, (max-width: 1024px) 100vw, 1024px\" \/><\/a><\/figure>\n\n\n\n<figure class=\"wp-block-image size-large\"><a href=\"https:\/\/pjcanindeyu.gov.py\/wp-content\/uploads\/2025\/11\/Sin-55.jpg\"><img loading=\"lazy\" decoding=\"async\" width=\"1024\" height=\"768\" data-id=\"5141\" src=\"https:\/\/pjcanindeyu.gov.py\/wp-content\/uploads\/2025\/11\/Sin-55-1024x768.jpg\" alt=\"\" class=\"wp-image-5141\" srcset=\"https:\/\/pjcanindeyu.gov.py\/wp-content\/uploads\/2025\/11\/Sin-55-1024x768.jpg 1024w, https:\/\/pjcanindeyu.gov.py\/wp-content\/uploads\/2025\/11\/Sin-55-300x225.jpg 300w, https:\/\/pjcanindeyu.gov.py\/wp-content\/uploads\/2025\/11\/Sin-55-768x576.jpg 768w, https:\/\/pjcanindeyu.gov.py\/wp-content\/uploads\/2025\/11\/Sin-55-1536x1152.jpg 1536w, https:\/\/pjcanindeyu.gov.py\/wp-content\/uploads\/2025\/11\/Sin-55.jpg 1600w\" sizes=\"auto, (max-width: 1024px) 100vw, 1024px\" \/><\/a><\/figure>\n\n\n\n<figure class=\"wp-block-image size-large\"><a href=\"https:\/\/pjcanindeyu.gov.py\/wp-content\/uploads\/2025\/11\/Sin-22.jpg\"><img loading=\"lazy\" decoding=\"async\" width=\"1024\" height=\"768\" data-id=\"5142\" src=\"https:\/\/pjcanindeyu.gov.py\/wp-content\/uploads\/2025\/11\/Sin-22-1024x768.jpg\" alt=\"\" class=\"wp-image-5142\" srcset=\"https:\/\/pjcanindeyu.gov.py\/wp-content\/uploads\/2025\/11\/Sin-22-1024x768.jpg 1024w, https:\/\/pjcanindeyu.gov.py\/wp-content\/uploads\/2025\/11\/Sin-22-300x225.jpg 300w, https:\/\/pjcanindeyu.gov.py\/wp-content\/uploads\/2025\/11\/Sin-22-768x576.jpg 768w, https:\/\/pjcanindeyu.gov.py\/wp-content\/uploads\/2025\/11\/Sin-22-1536x1152.jpg 1536w, https:\/\/pjcanindeyu.gov.py\/wp-content\/uploads\/2025\/11\/Sin-22.jpg 1600w\" sizes=\"auto, (max-width: 1024px) 100vw, 1024px\" \/><\/a><\/figure>\n\n\n\n<figure class=\"wp-block-image size-large\"><a href=\"https:\/\/pjcanindeyu.gov.py\/wp-content\/uploads\/2025\/11\/Sin-titulo.jpg1_.jpg\"><img loading=\"lazy\" decoding=\"async\" width=\"1024\" height=\"768\" data-id=\"5143\" src=\"https:\/\/pjcanindeyu.gov.py\/wp-content\/uploads\/2025\/11\/Sin-titulo.jpg1_-1024x768.jpg\" alt=\"\" class=\"wp-image-5143\" srcset=\"https:\/\/pjcanindeyu.gov.py\/wp-content\/uploads\/2025\/11\/Sin-titulo.jpg1_-1024x768.jpg 1024w, https:\/\/pjcanindeyu.gov.py\/wp-content\/uploads\/2025\/11\/Sin-titulo.jpg1_-300x225.jpg 300w, https:\/\/pjcanindeyu.gov.py\/wp-content\/uploads\/2025\/11\/Sin-titulo.jpg1_-768x576.jpg 768w, https:\/\/pjcanindeyu.gov.py\/wp-content\/uploads\/2025\/11\/Sin-titulo.jpg1_-1536x1152.jpg 1536w, https:\/\/pjcanindeyu.gov.py\/wp-content\/uploads\/2025\/11\/Sin-titulo.jpg1_.jpg 1600w\" sizes=\"auto, (max-width: 1024px) 100vw, 1024px\" \/><\/a><\/figure>\n\n\n\n<figure class=\"wp-block-image size-large\"><a href=\"https:\/\/pjcanindeyu.gov.py\/wp-content\/uploads\/2025\/11\/Sin-titulo.jpg\"><img loading=\"lazy\" decoding=\"async\" width=\"1024\" height=\"576\" data-id=\"5139\" src=\"https:\/\/pjcanindeyu.gov.py\/wp-content\/uploads\/2025\/11\/Sin-titulo-1024x576.jpg\" alt=\"\" class=\"wp-image-5139\" srcset=\"https:\/\/pjcanindeyu.gov.py\/wp-content\/uploads\/2025\/11\/Sin-titulo-1024x576.jpg 1024w, https:\/\/pjcanindeyu.gov.py\/wp-content\/uploads\/2025\/11\/Sin-titulo-300x169.jpg 300w, https:\/\/pjcanindeyu.gov.py\/wp-content\/uploads\/2025\/11\/Sin-titulo-768x432.jpg 768w, https:\/\/pjcanindeyu.gov.py\/wp-content\/uploads\/2025\/11\/Sin-titulo-1536x864.jpg 1536w, https:\/\/pjcanindeyu.gov.py\/wp-content\/uploads\/2025\/11\/Sin-titulo-1280x720.jpg 1280w, https:\/\/pjcanindeyu.gov.py\/wp-content\/uploads\/2025\/11\/Sin-titulo.jpg 1600w\" sizes=\"auto, (max-width: 1024px) 100vw, 1024px\" \/><\/a><\/figure>\n<\/figure>\n\n\n\n<p>La ceremonia cont\u00f3 con la presencia del Director del Programa Nacional de Facilitadores Judiciales, Dr. Pedro Fern\u00e1ndez, y del Juez de Paz de Itanar\u00e1, Abg. Nichert Lorenzo Almir\u00f3n Ort\u00edz. Las autoridades destacaron la funci\u00f3n esencial de los facilitadores como enlace entre la comunidad y el sistema judicial.<\/p>\n\n\n\n<p>Los nuevos Facilitadores Judiciales electos por la comunidad son Antonio Gonz\u00e1lez, Diego L\u00f3pez, Blanca Lezcano, Eder R\u00edos, Julio Habegger, Rafael Gallardo y Julio C\u00e1ceres. Su labor se enfocar\u00e1 en brindar orientaci\u00f3n legal primaria, mediar en conflictos y promover los derechos ciudadanos en el distrito.<\/p>\n","protected":false},"excerpt":{"rendered":"<p>En un acto celebrado ayer, 12 de noviembre, en el Sal\u00f3n de la Iglesia la Inmaculada Concepci\u00f3n del distrito de Itanar\u00e1, siete ciudadanos prestaron juramento como nuevos Facilitadores Judiciales para la Circunscripci\u00f3n de Canindey\u00fa. La ceremonia cont\u00f3 con la presencia del Director del Programa Nacional de Facilitadores Judiciales, Dr. Pedro [&hellip;]<\/p>\n","protected":false},"author":1,"featured_media":5139,"comment_status":"open","ping_status":"closed","sticky":false,"template":"","format":"standard","meta":{"footnotes":""},"categories":[2],"tags":[],"class_list":["post-5138","post","type-post","status-publish","format-standard","has-post-thumbnail","hentry","category-notas"],"_links":{"self":[{"href":"https:\/\/pjcanindeyu.gov.py\/index.php?rest_route=\/wp\/v2\/posts\/5138","targetHints":{"allow":["GET"]}}],"collection":[{"href":"https:\/\/pjcanindeyu.gov.py\/index.php?rest_route=\/wp\/v2\/posts"}],"about":[{"href":"https:\/\/pjcanindeyu.gov.py\/index.php?rest_route=\/wp\/v2\/types\/post"}],"author":[{"embeddable":true,"href":"https:\/\/pjcanindeyu.gov.py\/index.php?rest_route=\/wp\/v2\/users\/1"}],"replies":[{"embeddable":true,"href":"https:\/\/pjcanindeyu.gov.py\/index.php?rest_route=%2Fwp%2Fv2%2Fcomments&post=5138"}],"version-history":[{"count":1,"href":"https:\/\/pjcanindeyu.gov.py\/index.php?rest_route=\/wp\/v2\/posts\/5138\/revisions"}],"predecessor-version":[{"id":5144,"href":"https:\/\/pjcanindeyu.gov.py\/index.php?rest_route=\/wp\/v2\/posts\/5138\/revisions\/5144"}],"wp:featuredmedia":[{"embeddable":true,"href":"https:\/\/pjcanindeyu.gov.py\/index.php?rest_route=\/wp\/v2\/media\/5139"}],"wp:attachment":[{"href":"https:\/\/pjcanindeyu.gov.py\/index.php?rest_route=%2Fwp%2Fv2%2Fmedia&parent=5138"}],"wp:term":[{"taxonomy":"category","embeddable":true,"href":"https:\/\/pjcanindeyu.gov.py\/index.php?rest_route=%2Fwp%2Fv2%2Fcategories&post=5138"},{"taxonomy":"post_tag","embeddable":true,"href":"https:\/\/pjcanindeyu.gov.py\/index.php?rest_route=%2Fwp%2Fv2%2Ftags&post=5138"}],"curies":[{"name":"wp","href":"https:\/\/api.w.org\/{rel}","templated":true}]}}