
{"id":5161,"date":"2025-11-26T11:34:36","date_gmt":"2025-11-26T15:34:36","guid":{"rendered":"https:\/\/pjcanindeyu.gov.py\/?p=5161"},"modified":"2025-11-26T11:34:36","modified_gmt":"2025-11-26T15:34:36","slug":"corte-suprema-de-justicia-designa-a-novel-magistrada-judicial-para-el-juzgado-de-paz-de-ypejhu","status":"publish","type":"post","link":"https:\/\/pjcanindeyu.gov.py\/?p=5161","title":{"rendered":"Corte Suprema de Justicia designa a novel magistrada judicial para el Juzgado de Paz de Ypejh\u00fa"},"content":{"rendered":"\n<p>En sesi\u00f3n plenaria de la fecha, el pleno de la Corte Suprema de Justicia <a><\/a>en ejercicio de sus atribuciones constitucionales, design\u00f3 como Jueza de Paz de Ypejh\u00fa de la Circunscripci\u00f3n Judicial de Canindey\u00fa, a la Abg. Elcira C\u00e1ceres Romero.<\/p>\n\n\n\n<p>Cabe destacar que la nominada se estaba desempe\u00f1ando hasta la fecha, como destacada funcionaria judicial de carrera en esta propia Circunscripci\u00f3n.<\/p>\n\n\n\n<p>La Superintendencia de la Circunscripci\u00f3n, a cargo de la Ministra, Prof. Dra. Carolina Llanes, y el Consejo de Administraci\u00f3n, expresan sus mejores deseos de \u00e9xitos a la designada en el desempe\u00f1o de sus funciones a beneficio de la sociedad.<\/p>\n\n\n\n<figure class=\"wp-block-gallery has-nested-images columns-default is-cropped galeria wp-block-gallery-1 is-layout-flex wp-block-gallery-is-layout-flex\">\n<figure class=\"wp-block-image size-large\"><a href=\"https:\/\/pjcanindeyu.gov.py\/wp-content\/uploads\/2025\/11\/Designacion-Elcira-Cacere-Ypehju.png\"><img loading=\"lazy\" decoding=\"async\" width=\"756\" height=\"1024\" data-id=\"5162\" src=\"https:\/\/pjcanindeyu.gov.py\/wp-content\/uploads\/2025\/11\/Designacion-Elcira-Cacere-Ypehju-756x1024.png\" alt=\"\" class=\"wp-image-5162\" srcset=\"https:\/\/pjcanindeyu.gov.py\/wp-content\/uploads\/2025\/11\/Designacion-Elcira-Cacere-Ypehju-756x1024.png 756w, https:\/\/pjcanindeyu.gov.py\/wp-content\/uploads\/2025\/11\/Designacion-Elcira-Cacere-Ypehju-221x300.png 221w, https:\/\/pjcanindeyu.gov.py\/wp-content\/uploads\/2025\/11\/Designacion-Elcira-Cacere-Ypehju-768x1041.png 768w, https:\/\/pjcanindeyu.gov.py\/wp-content\/uploads\/2025\/11\/Designacion-Elcira-Cacere-Ypehju-1134x1536.png 1134w, https:\/\/pjcanindeyu.gov.py\/wp-content\/uploads\/2025\/11\/Designacion-Elcira-Cacere-Ypehju-1511x2048.png 1511w, https:\/\/pjcanindeyu.gov.py\/wp-content\/uploads\/2025\/11\/Designacion-Elcira-Cacere-Ypehju.png 1780w\" sizes=\"auto, (max-width: 756px) 100vw, 756px\" \/><\/a><\/figure>\n<\/figure>\n","protected":false},"excerpt":{"rendered":"<p>En sesi\u00f3n plenaria de la fecha, el pleno de la Corte Suprema de Justicia en ejercicio de sus atribuciones constitucionales, design\u00f3 como Jueza de Paz de Ypejh\u00fa de la Circunscripci\u00f3n Judicial de Canindey\u00fa, a la Abg. Elcira C\u00e1ceres Romero. Cabe destacar que la nominada se estaba desempe\u00f1ando hasta la fecha, [&hellip;]<\/p>\n","protected":false},"author":1,"featured_media":5163,"comment_status":"open","ping_status":"closed","sticky":false,"template":"","format":"standard","meta":{"footnotes":""},"categories":[2],"tags":[],"class_list":["post-5161","post","type-post","status-publish","format-standard","has-post-thumbnail","hentry","category-notas"],"_links":{"self":[{"href":"https:\/\/pjcanindeyu.gov.py\/index.php?rest_route=\/wp\/v2\/posts\/5161","targetHints":{"allow":["GET"]}}],"collection":[{"href":"https:\/\/pjcanindeyu.gov.py\/index.php?rest_route=\/wp\/v2\/posts"}],"about":[{"href":"https:\/\/pjcanindeyu.gov.py\/index.php?rest_route=\/wp\/v2\/types\/post"}],"author":[{"embeddable":true,"href":"https:\/\/pjcanindeyu.gov.py\/index.php?rest_route=\/wp\/v2\/users\/1"}],"replies":[{"embeddable":true,"href":"https:\/\/pjcanindeyu.gov.py\/index.php?rest_route=%2Fwp%2Fv2%2Fcomments&post=5161"}],"version-history":[{"count":1,"href":"https:\/\/pjcanindeyu.gov.py\/index.php?rest_route=\/wp\/v2\/posts\/5161\/revisions"}],"predecessor-version":[{"id":5164,"href":"https:\/\/pjcanindeyu.gov.py\/index.php?rest_route=\/wp\/v2\/posts\/5161\/revisions\/5164"}],"wp:featuredmedia":[{"embeddable":true,"href":"https:\/\/pjcanindeyu.gov.py\/index.php?rest_route=\/wp\/v2\/media\/5163"}],"wp:attachment":[{"href":"https:\/\/pjcanindeyu.gov.py\/index.php?rest_route=%2Fwp%2Fv2%2Fmedia&parent=5161"}],"wp:term":[{"taxonomy":"category","embeddable":true,"href":"https:\/\/pjcanindeyu.gov.py\/index.php?rest_route=%2Fwp%2Fv2%2Fcategories&post=5161"},{"taxonomy":"post_tag","embeddable":true,"href":"https:\/\/pjcanindeyu.gov.py\/index.php?rest_route=%2Fwp%2Fv2%2Ftags&post=5161"}],"curies":[{"name":"wp","href":"https:\/\/api.w.org\/{rel}","templated":true}]}}