
{"id":5191,"date":"2025-12-18T15:02:00","date_gmt":"2025-12-18T19:02:00","guid":{"rendered":"https:\/\/pjcanindeyu.gov.py\/?p=5191"},"modified":"2025-12-18T17:09:02","modified_gmt":"2025-12-18T21:09:02","slug":"inicia-dia-de-gobierno-de-la-ministra-superintendente-en-curuguaty","status":"publish","type":"post","link":"https:\/\/pjcanindeyu.gov.py\/?p=5191","title":{"rendered":"Inicia d\u00eda de gobierno de la Ministra Superintendente en Curuguaty"},"content":{"rendered":"\n<p>La vicepresidenta primera de la Corte Suprema de Justicia y <a><\/a>Superintendente de la Circunscripci\u00f3n Judicial de Canindey\u00fa, Dra. Mar\u00eda Carolina Llanes Ocampos, inicia d\u00eda de gobierno realizando recorrido por las dependencias del Juzgado de Primera Instancia de Curuguaty. Asimismo, verific\u00f3 la ampliaci\u00f3n de la sede cuya habilitaci\u00f3n est\u00e1 prevista para el pr\u00f3ximo a\u00f1o para mitigar las debilidades en materia de infraestructura institucional en la referida sede.<\/p>\n\n\n\n<figure class=\"wp-block-gallery has-nested-images columns-2 is-cropped galeria wp-block-gallery-1 is-layout-flex wp-block-gallery-is-layout-flex\">\n<figure class=\"wp-block-image size-large\"><a href=\"https:\/\/pjcanindeyu.gov.py\/wp-content\/uploads\/2025\/12\/Foto-1-1.png\"><img loading=\"lazy\" decoding=\"async\" width=\"1024\" height=\"709\" data-id=\"5192\" src=\"https:\/\/pjcanindeyu.gov.py\/wp-content\/uploads\/2025\/12\/Foto-1-1-1024x709.png\" alt=\"\" class=\"wp-image-5192\" srcset=\"https:\/\/pjcanindeyu.gov.py\/wp-content\/uploads\/2025\/12\/Foto-1-1-1024x709.png 1024w, https:\/\/pjcanindeyu.gov.py\/wp-content\/uploads\/2025\/12\/Foto-1-1-300x208.png 300w, https:\/\/pjcanindeyu.gov.py\/wp-content\/uploads\/2025\/12\/Foto-1-1-768x532.png 768w, https:\/\/pjcanindeyu.gov.py\/wp-content\/uploads\/2025\/12\/Foto-1-1-1536x1064.png 1536w, https:\/\/pjcanindeyu.gov.py\/wp-content\/uploads\/2025\/12\/Foto-1-1.png 1600w\" sizes=\"auto, (max-width: 1024px) 100vw, 1024px\" \/><\/a><\/figure>\n\n\n\n<figure class=\"wp-block-image size-large\"><a href=\"https:\/\/pjcanindeyu.gov.py\/wp-content\/uploads\/2025\/12\/Fotos-2.jpg.png\"><img loading=\"lazy\" decoding=\"async\" width=\"1024\" height=\"709\" data-id=\"5193\" src=\"https:\/\/pjcanindeyu.gov.py\/wp-content\/uploads\/2025\/12\/Fotos-2.jpg-1024x709.png\" alt=\"\" class=\"wp-image-5193\" srcset=\"https:\/\/pjcanindeyu.gov.py\/wp-content\/uploads\/2025\/12\/Fotos-2.jpg-1024x709.png 1024w, https:\/\/pjcanindeyu.gov.py\/wp-content\/uploads\/2025\/12\/Fotos-2.jpg-300x208.png 300w, https:\/\/pjcanindeyu.gov.py\/wp-content\/uploads\/2025\/12\/Fotos-2.jpg-768x532.png 768w, https:\/\/pjcanindeyu.gov.py\/wp-content\/uploads\/2025\/12\/Fotos-2.jpg-1536x1064.png 1536w, https:\/\/pjcanindeyu.gov.py\/wp-content\/uploads\/2025\/12\/Fotos-2.jpg.png 1600w\" sizes=\"auto, (max-width: 1024px) 100vw, 1024px\" \/><\/a><\/figure>\n\n\n\n<figure class=\"wp-block-image size-large\"><a href=\"https:\/\/pjcanindeyu.gov.py\/wp-content\/uploads\/2025\/12\/Fotos.jpg.png\"><img loading=\"lazy\" decoding=\"async\" width=\"1024\" height=\"709\" data-id=\"5194\" src=\"https:\/\/pjcanindeyu.gov.py\/wp-content\/uploads\/2025\/12\/Fotos.jpg-1024x709.png\" alt=\"\" class=\"wp-image-5194\" srcset=\"https:\/\/pjcanindeyu.gov.py\/wp-content\/uploads\/2025\/12\/Fotos.jpg-1024x709.png 1024w, https:\/\/pjcanindeyu.gov.py\/wp-content\/uploads\/2025\/12\/Fotos.jpg-300x208.png 300w, https:\/\/pjcanindeyu.gov.py\/wp-content\/uploads\/2025\/12\/Fotos.jpg-768x532.png 768w, https:\/\/pjcanindeyu.gov.py\/wp-content\/uploads\/2025\/12\/Fotos.jpg-1536x1064.png 1536w, https:\/\/pjcanindeyu.gov.py\/wp-content\/uploads\/2025\/12\/Fotos.jpg.png 1600w\" sizes=\"auto, (max-width: 1024px) 100vw, 1024px\" \/><\/a><\/figure>\n<\/figure>\n","protected":false},"excerpt":{"rendered":"<p>La vicepresidenta primera de la Corte Suprema de Justicia y Superintendente de la Circunscripci\u00f3n Judicial de Canindey\u00fa, Dra. Mar\u00eda Carolina Llanes Ocampos, inicia d\u00eda de gobierno realizando recorrido por las dependencias del Juzgado de Primera Instancia de Curuguaty. Asimismo, verific\u00f3 la ampliaci\u00f3n de la sede cuya habilitaci\u00f3n est\u00e1 prevista para [&hellip;]<\/p>\n","protected":false},"author":1,"featured_media":5194,"comment_status":"open","ping_status":"closed","sticky":false,"template":"","format":"standard","meta":{"footnotes":""},"categories":[2],"tags":[],"class_list":["post-5191","post","type-post","status-publish","format-standard","has-post-thumbnail","hentry","category-notas"],"_links":{"self":[{"href":"https:\/\/pjcanindeyu.gov.py\/index.php?rest_route=\/wp\/v2\/posts\/5191","targetHints":{"allow":["GET"]}}],"collection":[{"href":"https:\/\/pjcanindeyu.gov.py\/index.php?rest_route=\/wp\/v2\/posts"}],"about":[{"href":"https:\/\/pjcanindeyu.gov.py\/index.php?rest_route=\/wp\/v2\/types\/post"}],"author":[{"embeddable":true,"href":"https:\/\/pjcanindeyu.gov.py\/index.php?rest_route=\/wp\/v2\/users\/1"}],"replies":[{"embeddable":true,"href":"https:\/\/pjcanindeyu.gov.py\/index.php?rest_route=%2Fwp%2Fv2%2Fcomments&post=5191"}],"version-history":[{"count":1,"href":"https:\/\/pjcanindeyu.gov.py\/index.php?rest_route=\/wp\/v2\/posts\/5191\/revisions"}],"predecessor-version":[{"id":5195,"href":"https:\/\/pjcanindeyu.gov.py\/index.php?rest_route=\/wp\/v2\/posts\/5191\/revisions\/5195"}],"wp:featuredmedia":[{"embeddable":true,"href":"https:\/\/pjcanindeyu.gov.py\/index.php?rest_route=\/wp\/v2\/media\/5194"}],"wp:attachment":[{"href":"https:\/\/pjcanindeyu.gov.py\/index.php?rest_route=%2Fwp%2Fv2%2Fmedia&parent=5191"}],"wp:term":[{"taxonomy":"category","embeddable":true,"href":"https:\/\/pjcanindeyu.gov.py\/index.php?rest_route=%2Fwp%2Fv2%2Fcategories&post=5191"},{"taxonomy":"post_tag","embeddable":true,"href":"https:\/\/pjcanindeyu.gov.py\/index.php?rest_route=%2Fwp%2Fv2%2Ftags&post=5191"}],"curies":[{"name":"wp","href":"https:\/\/api.w.org\/{rel}","templated":true}]}}