
{"id":5202,"date":"2025-12-19T09:07:47","date_gmt":"2025-12-19T13:07:47","guid":{"rendered":"https:\/\/pjcanindeyu.gov.py\/?p=5202"},"modified":"2025-12-19T09:07:47","modified_gmt":"2025-12-19T13:07:47","slug":"presidenta-de-la-sala-penal-de-la-corte-suprema-de-justicia-y-juzgado-especializado-intervienen-en-el-proceso-de-analisis-y-destruccion-de-productos-ilicitos-incautados","status":"publish","type":"post","link":"https:\/\/pjcanindeyu.gov.py\/?p=5202","title":{"rendered":"Presidenta de la Sala Penal de la Corte Suprema de Justicia y Juzgado especializado intervienen en el proceso de an\u00e1lisis y destrucci\u00f3n de productos il\u00edcitos incautados"},"content":{"rendered":"\n<p>En la fecha, la Vicepresidenta Primera de la Corte Suprema de Justicia, Presidenta de la Sala Penal y Superintendente de la Circunscripci\u00f3n Judicial de Canindey\u00fa, Dra. Carolina Llanes acompa\u00f1\u00f3 al Juzgado Penal de Garant\u00edas Especializado en Crimen Organizado del Primer Turno de la Capital, a cargo de la magistrada Lici Mar\u00eda Teresita S\u00e1nchez, para la supervisi\u00f3n, conteo, extracci\u00f3n de muestras para el an\u00e1lisis qu\u00edmico definitivo y posterior destrucci\u00f3n, mediante incineraci\u00f3n, de 88.991 kilogramos de supuesta marihuana, en el marco de la \u00faltima incautaci\u00f3n realizada en la ciudad de Saltos del Guair\u00e1.<\/p>\n\n\n\n<p>El procedimiento se realiz\u00f3 en el marco de un anticipo jurisdiccional de prueba, figura procesal que permite ejecutar actos probatorios considerados irreproducibles antes del juicio oral, asegurando la participaci\u00f3n de todas las partes, conforme al art\u00edculo 320 del C\u00f3digo Procesal Penal.<\/p>\n\n\n\n<figure class=\"wp-block-gallery has-nested-images columns-default is-cropped wp-block-gallery-1 is-layout-flex wp-block-gallery-is-layout-flex\">\n<figure class=\"wp-block-image size-large\"><a href=\"https:\/\/pjcanindeyu.gov.py\/wp-content\/uploads\/2025\/12\/Foto-2.jpeg\"><img loading=\"lazy\" decoding=\"async\" width=\"1024\" height=\"768\" data-id=\"5204\" src=\"https:\/\/pjcanindeyu.gov.py\/wp-content\/uploads\/2025\/12\/Foto-2-1024x768.jpeg\" alt=\"\" class=\"wp-image-5204\" srcset=\"https:\/\/pjcanindeyu.gov.py\/wp-content\/uploads\/2025\/12\/Foto-2-1024x768.jpeg 1024w, https:\/\/pjcanindeyu.gov.py\/wp-content\/uploads\/2025\/12\/Foto-2-300x225.jpeg 300w, https:\/\/pjcanindeyu.gov.py\/wp-content\/uploads\/2025\/12\/Foto-2-768x576.jpeg 768w, https:\/\/pjcanindeyu.gov.py\/wp-content\/uploads\/2025\/12\/Foto-2.jpeg 1280w\" sizes=\"auto, (max-width: 1024px) 100vw, 1024px\" \/><\/a><\/figure>\n\n\n\n<figure class=\"wp-block-image size-large\"><a href=\"https:\/\/pjcanindeyu.gov.py\/wp-content\/uploads\/2025\/12\/Foto-3.jpeg\"><img loading=\"lazy\" decoding=\"async\" width=\"1024\" height=\"768\" data-id=\"5205\" src=\"https:\/\/pjcanindeyu.gov.py\/wp-content\/uploads\/2025\/12\/Foto-3-1024x768.jpeg\" alt=\"\" class=\"wp-image-5205\" srcset=\"https:\/\/pjcanindeyu.gov.py\/wp-content\/uploads\/2025\/12\/Foto-3-1024x768.jpeg 1024w, https:\/\/pjcanindeyu.gov.py\/wp-content\/uploads\/2025\/12\/Foto-3-300x225.jpeg 300w, https:\/\/pjcanindeyu.gov.py\/wp-content\/uploads\/2025\/12\/Foto-3-768x576.jpeg 768w, https:\/\/pjcanindeyu.gov.py\/wp-content\/uploads\/2025\/12\/Foto-3.jpeg 1280w\" sizes=\"auto, (max-width: 1024px) 100vw, 1024px\" \/><\/a><\/figure>\n\n\n\n<figure class=\"wp-block-image size-large\"><a href=\"https:\/\/pjcanindeyu.gov.py\/wp-content\/uploads\/2025\/12\/Foto-4.jpeg\"><img loading=\"lazy\" decoding=\"async\" width=\"1024\" height=\"768\" data-id=\"5206\" src=\"https:\/\/pjcanindeyu.gov.py\/wp-content\/uploads\/2025\/12\/Foto-4-1024x768.jpeg\" alt=\"\" class=\"wp-image-5206\" srcset=\"https:\/\/pjcanindeyu.gov.py\/wp-content\/uploads\/2025\/12\/Foto-4-1024x768.jpeg 1024w, https:\/\/pjcanindeyu.gov.py\/wp-content\/uploads\/2025\/12\/Foto-4-300x225.jpeg 300w, https:\/\/pjcanindeyu.gov.py\/wp-content\/uploads\/2025\/12\/Foto-4-768x576.jpeg 768w, https:\/\/pjcanindeyu.gov.py\/wp-content\/uploads\/2025\/12\/Foto-4.jpeg 1280w\" sizes=\"auto, (max-width: 1024px) 100vw, 1024px\" \/><\/a><\/figure>\n\n\n\n<figure class=\"wp-block-image size-large\"><a href=\"https:\/\/pjcanindeyu.gov.py\/wp-content\/uploads\/2025\/12\/Foto-1.jpeg\"><img loading=\"lazy\" decoding=\"async\" width=\"1024\" height=\"768\" data-id=\"5203\" src=\"https:\/\/pjcanindeyu.gov.py\/wp-content\/uploads\/2025\/12\/Foto-1-1024x768.jpeg\" alt=\"\" class=\"wp-image-5203\" srcset=\"https:\/\/pjcanindeyu.gov.py\/wp-content\/uploads\/2025\/12\/Foto-1-1024x768.jpeg 1024w, https:\/\/pjcanindeyu.gov.py\/wp-content\/uploads\/2025\/12\/Foto-1-300x225.jpeg 300w, https:\/\/pjcanindeyu.gov.py\/wp-content\/uploads\/2025\/12\/Foto-1-768x576.jpeg 768w, https:\/\/pjcanindeyu.gov.py\/wp-content\/uploads\/2025\/12\/Foto-1.jpeg 1280w\" sizes=\"auto, (max-width: 1024px) 100vw, 1024px\" \/><\/a><\/figure>\n<\/figure>\n\n\n\n<p><\/p>\n","protected":false},"excerpt":{"rendered":"<p>En la fecha, la Vicepresidenta Primera de la Corte Suprema de Justicia, Presidenta de la Sala Penal y Superintendente de la Circunscripci\u00f3n Judicial de Canindey\u00fa, Dra. Carolina Llanes acompa\u00f1\u00f3 al Juzgado Penal de Garant\u00edas Especializado en Crimen Organizado del Primer Turno de la Capital, a cargo de la magistrada Lici [&hellip;]<\/p>\n","protected":false},"author":1,"featured_media":5203,"comment_status":"open","ping_status":"closed","sticky":false,"template":"","format":"standard","meta":{"footnotes":""},"categories":[2],"tags":[],"class_list":["post-5202","post","type-post","status-publish","format-standard","has-post-thumbnail","hentry","category-notas"],"_links":{"self":[{"href":"https:\/\/pjcanindeyu.gov.py\/index.php?rest_route=\/wp\/v2\/posts\/5202","targetHints":{"allow":["GET"]}}],"collection":[{"href":"https:\/\/pjcanindeyu.gov.py\/index.php?rest_route=\/wp\/v2\/posts"}],"about":[{"href":"https:\/\/pjcanindeyu.gov.py\/index.php?rest_route=\/wp\/v2\/types\/post"}],"author":[{"embeddable":true,"href":"https:\/\/pjcanindeyu.gov.py\/index.php?rest_route=\/wp\/v2\/users\/1"}],"replies":[{"embeddable":true,"href":"https:\/\/pjcanindeyu.gov.py\/index.php?rest_route=%2Fwp%2Fv2%2Fcomments&post=5202"}],"version-history":[{"count":1,"href":"https:\/\/pjcanindeyu.gov.py\/index.php?rest_route=\/wp\/v2\/posts\/5202\/revisions"}],"predecessor-version":[{"id":5207,"href":"https:\/\/pjcanindeyu.gov.py\/index.php?rest_route=\/wp\/v2\/posts\/5202\/revisions\/5207"}],"wp:featuredmedia":[{"embeddable":true,"href":"https:\/\/pjcanindeyu.gov.py\/index.php?rest_route=\/wp\/v2\/media\/5203"}],"wp:attachment":[{"href":"https:\/\/pjcanindeyu.gov.py\/index.php?rest_route=%2Fwp%2Fv2%2Fmedia&parent=5202"}],"wp:term":[{"taxonomy":"category","embeddable":true,"href":"https:\/\/pjcanindeyu.gov.py\/index.php?rest_route=%2Fwp%2Fv2%2Fcategories&post=5202"},{"taxonomy":"post_tag","embeddable":true,"href":"https:\/\/pjcanindeyu.gov.py\/index.php?rest_route=%2Fwp%2Fv2%2Ftags&post=5202"}],"curies":[{"name":"wp","href":"https:\/\/api.w.org\/{rel}","templated":true}]}}