
{"id":5208,"date":"2025-12-19T18:12:00","date_gmt":"2025-12-19T22:12:00","guid":{"rendered":"https:\/\/pjcanindeyu.gov.py\/?p=5208"},"modified":"2025-12-22T06:15:02","modified_gmt":"2025-12-22T10:15:02","slug":"inauguracion-de-la-sala-de-audiencia-especial-para-ninos-y-ninas-en-saltos-del-guaira","status":"publish","type":"post","link":"https:\/\/pjcanindeyu.gov.py\/?p=5208","title":{"rendered":"Inauguraci\u00f3n de la sala de audiencia especial para ni\u00f1os y ni\u00f1as en Saltos del Guair\u00e1"},"content":{"rendered":"\n<p>En el Palacio de Justicia de Saltos del Guair\u00e1, se llev\u00f3 a cabo la <a><\/a>inauguraci\u00f3n oficial de una Sala de Audiencia especialmente dise\u00f1ada para ni\u00f1os y ni\u00f1as. El acto cont\u00f3 con la presencia de la Vicepresidenta Primera Corte Suprema de Justicia, ministra encargada del fuero de la Ni\u00f1ez y la Adolescencia y Superintendente de la Circunscripci\u00f3n Judicial de Canindey\u00fa, Dra. Mar\u00eda Carolina Llanes y miembros del Consejo de Administraci\u00f3n de la XV Circunscripci\u00f3n. Este nuevo espacio, dedicado a la ni\u00f1ez y adolescencia, tiene como objetivo brindar un entorno seguro y adecuado que garantice la protecci\u00f3n y el respeto de sus derechos, facilitando su participaci\u00f3n en los procesos judiciales en condiciones de dignidad y confianza.<\/p>\n\n\n\n<figure class=\"wp-block-gallery has-nested-images columns-default is-cropped galeria wp-block-gallery-1 is-layout-flex wp-block-gallery-is-layout-flex\">\n<figure class=\"wp-block-image size-large\"><a href=\"https:\/\/pjcanindeyu.gov.py\/wp-content\/uploads\/2025\/12\/Sala-audiencia-ninez-1.jpg\"><img loading=\"lazy\" decoding=\"async\" width=\"1024\" height=\"768\" data-id=\"5209\" src=\"https:\/\/pjcanindeyu.gov.py\/wp-content\/uploads\/2025\/12\/Sala-audiencia-ninez-1-1024x768.jpg\" alt=\"\" class=\"wp-image-5209\" srcset=\"https:\/\/pjcanindeyu.gov.py\/wp-content\/uploads\/2025\/12\/Sala-audiencia-ninez-1-1024x768.jpg 1024w, https:\/\/pjcanindeyu.gov.py\/wp-content\/uploads\/2025\/12\/Sala-audiencia-ninez-1-300x225.jpg 300w, https:\/\/pjcanindeyu.gov.py\/wp-content\/uploads\/2025\/12\/Sala-audiencia-ninez-1-768x576.jpg 768w, https:\/\/pjcanindeyu.gov.py\/wp-content\/uploads\/2025\/12\/Sala-audiencia-ninez-1.jpg 1280w\" sizes=\"auto, (max-width: 1024px) 100vw, 1024px\" \/><\/a><\/figure>\n\n\n\n<figure class=\"wp-block-image size-large\"><a href=\"https:\/\/pjcanindeyu.gov.py\/wp-content\/uploads\/2025\/12\/Sala-audiencia-ninez-2.jpg\"><img loading=\"lazy\" decoding=\"async\" width=\"1024\" height=\"768\" data-id=\"5210\" src=\"https:\/\/pjcanindeyu.gov.py\/wp-content\/uploads\/2025\/12\/Sala-audiencia-ninez-2-1024x768.jpg\" alt=\"\" class=\"wp-image-5210\" srcset=\"https:\/\/pjcanindeyu.gov.py\/wp-content\/uploads\/2025\/12\/Sala-audiencia-ninez-2-1024x768.jpg 1024w, https:\/\/pjcanindeyu.gov.py\/wp-content\/uploads\/2025\/12\/Sala-audiencia-ninez-2-300x225.jpg 300w, https:\/\/pjcanindeyu.gov.py\/wp-content\/uploads\/2025\/12\/Sala-audiencia-ninez-2-768x576.jpg 768w, https:\/\/pjcanindeyu.gov.py\/wp-content\/uploads\/2025\/12\/Sala-audiencia-ninez-2.jpg 1280w\" sizes=\"auto, (max-width: 1024px) 100vw, 1024px\" \/><\/a><\/figure>\n<\/figure>\n\n\n\n<p>Esta sala que, estar\u00e1 disponible para el desarrollo diario de diversas audiencias, cumple con los est\u00e1ndares internacionales de protecci\u00f3n a la ni\u00f1ez y responde a las recomendaciones de las 100 Reglas de Brasilia para el acceso a la justicia de personas en situaci\u00f3n de vulnerabilidad. Adem\u00e1s de contar con instalaci\u00f3n de tecnolog\u00eda necesaria, el espacio ha sido decorado con murales y elementos l\u00fadicos para crear un ambiente acogedor y amigable, promoviendo una interacci\u00f3n distendida con la magistrada y su equipo asesor.<\/p>\n","protected":false},"excerpt":{"rendered":"<p>En el Palacio de Justicia de Saltos del Guair\u00e1, se llev\u00f3 a cabo la inauguraci\u00f3n oficial de una Sala de Audiencia especialmente dise\u00f1ada para ni\u00f1os y ni\u00f1as. El acto cont\u00f3 con la presencia de la Vicepresidenta Primera Corte Suprema de Justicia, ministra encargada del fuero de la Ni\u00f1ez y la [&hellip;]<\/p>\n","protected":false},"author":1,"featured_media":5209,"comment_status":"open","ping_status":"closed","sticky":false,"template":"","format":"standard","meta":{"footnotes":""},"categories":[2],"tags":[],"class_list":["post-5208","post","type-post","status-publish","format-standard","has-post-thumbnail","hentry","category-notas"],"_links":{"self":[{"href":"https:\/\/pjcanindeyu.gov.py\/index.php?rest_route=\/wp\/v2\/posts\/5208","targetHints":{"allow":["GET"]}}],"collection":[{"href":"https:\/\/pjcanindeyu.gov.py\/index.php?rest_route=\/wp\/v2\/posts"}],"about":[{"href":"https:\/\/pjcanindeyu.gov.py\/index.php?rest_route=\/wp\/v2\/types\/post"}],"author":[{"embeddable":true,"href":"https:\/\/pjcanindeyu.gov.py\/index.php?rest_route=\/wp\/v2\/users\/1"}],"replies":[{"embeddable":true,"href":"https:\/\/pjcanindeyu.gov.py\/index.php?rest_route=%2Fwp%2Fv2%2Fcomments&post=5208"}],"version-history":[{"count":1,"href":"https:\/\/pjcanindeyu.gov.py\/index.php?rest_route=\/wp\/v2\/posts\/5208\/revisions"}],"predecessor-version":[{"id":5211,"href":"https:\/\/pjcanindeyu.gov.py\/index.php?rest_route=\/wp\/v2\/posts\/5208\/revisions\/5211"}],"wp:featuredmedia":[{"embeddable":true,"href":"https:\/\/pjcanindeyu.gov.py\/index.php?rest_route=\/wp\/v2\/media\/5209"}],"wp:attachment":[{"href":"https:\/\/pjcanindeyu.gov.py\/index.php?rest_route=%2Fwp%2Fv2%2Fmedia&parent=5208"}],"wp:term":[{"taxonomy":"category","embeddable":true,"href":"https:\/\/pjcanindeyu.gov.py\/index.php?rest_route=%2Fwp%2Fv2%2Fcategories&post=5208"},{"taxonomy":"post_tag","embeddable":true,"href":"https:\/\/pjcanindeyu.gov.py\/index.php?rest_route=%2Fwp%2Fv2%2Ftags&post=5208"}],"curies":[{"name":"wp","href":"https:\/\/api.w.org\/{rel}","templated":true}]}}