
{"id":5457,"date":"2026-04-23T16:16:00","date_gmt":"2026-04-23T20:16:00","guid":{"rendered":"https:\/\/pjcanindeyu.gov.py\/?p=5457"},"modified":"2026-04-29T11:19:32","modified_gmt":"2026-04-29T15:19:32","slug":"intervencion-judicial-en-ypejhu-ante-vulneracion-de-derechos-de-ninas-en-situacion-de-abandono","status":"publish","type":"post","link":"https:\/\/pjcanindeyu.gov.py\/?p=5457","title":{"rendered":"Intervenci\u00f3n judicial en Ypejh\u00fa ante vulneraci\u00f3n de derechos de ni\u00f1as en situaci\u00f3n de abandono"},"content":{"rendered":"\n<p>\u200bEl 21 de abril, el Juzgado de Paz de Ypejh\u00fa activ\u00f3 un protocolo de protecci\u00f3n urgente tras recibir un informe de la CODENI sobre la presunta vulneraci\u00f3n de derechos de dos ni\u00f1as. El Juez de Paz interino, Abg. Nychert Almir\u00f3n, acompa\u00f1ado por el actuario judicial Abg. Gustavo Rejala, representantes de la CODENI y efectivos de la Polic\u00eda Nacional, se constituyeron a la vivienda para verificar la situaci\u00f3n denunciada.<\/p>\n\n\n\n<p>\u200bEn el lugar, la comitiva constat\u00f3 que las ni\u00f1as permanec\u00edan solas en un entorno de extrema precariedad e insalubridad. Ante el riesgo constatado, el Juzgado resolvi\u00f3 otorgar la guarda y protecci\u00f3n provisoria de ambas ni\u00f1as a la encargada de la CODENI de la Municipalidad de Ypejh\u00fa.<\/p>\n\n\n\n<p>\u200bComo parte de las medidas de protecci\u00f3n integral, se orden\u00f3 la realizaci\u00f3n de un chequeo m\u00e9dico por parte de la Unidad de Salud Familiar y se encomend\u00f3 a la Polic\u00eda Nacional la localizaci\u00f3n de los adultos responsables. Asimismo, la actuaci\u00f3n fue comunicada a la Fiscal\u00eda de Curuguaty para el inicio de las investigaciones penales.<\/p>\n\n\n\n<p>\u200bDesde la Circunscripci\u00f3n Judicial de Canindey\u00fa se reitera el compromiso con la protecci\u00f3n de los derechos de ni\u00f1os, ni\u00f1as y adolescentes y se insta a la ciudadan\u00eda a comunicar de manera inmediata cualquier situaci\u00f3n de vulnerabilidad o riesgo.<\/p>\n\n\n\n<figure class=\"wp-block-gallery has-nested-images columns-default is-cropped galeria wp-block-gallery-1 is-layout-flex wp-block-gallery-is-layout-flex\">\n<figure class=\"wp-block-image size-full\"><a href=\"https:\/\/pjcanindeyu.gov.py\/wp-content\/uploads\/2026\/04\/image.png\"><img loading=\"lazy\" decoding=\"async\" width=\"960\" height=\"648\" data-id=\"5458\" src=\"https:\/\/pjcanindeyu.gov.py\/wp-content\/uploads\/2026\/04\/image.png\" alt=\"\" class=\"wp-image-5458\" srcset=\"https:\/\/pjcanindeyu.gov.py\/wp-content\/uploads\/2026\/04\/image.png 960w, https:\/\/pjcanindeyu.gov.py\/wp-content\/uploads\/2026\/04\/image-300x203.png 300w, https:\/\/pjcanindeyu.gov.py\/wp-content\/uploads\/2026\/04\/image-768x518.png 768w\" sizes=\"auto, (max-width: 960px) 100vw, 960px\" \/><\/a><\/figure>\n\n\n\n<figure class=\"wp-block-image size-full\"><a href=\"https:\/\/pjcanindeyu.gov.py\/wp-content\/uploads\/2026\/04\/Ypehu.jpg\"><img loading=\"lazy\" decoding=\"async\" width=\"2048\" height=\"1536\" data-id=\"5459\" src=\"https:\/\/pjcanindeyu.gov.py\/wp-content\/uploads\/2026\/04\/Ypehu.jpg\" alt=\"\" class=\"wp-image-5459\" srcset=\"https:\/\/pjcanindeyu.gov.py\/wp-content\/uploads\/2026\/04\/Ypehu.jpg 2048w, https:\/\/pjcanindeyu.gov.py\/wp-content\/uploads\/2026\/04\/Ypehu-300x225.jpg 300w, https:\/\/pjcanindeyu.gov.py\/wp-content\/uploads\/2026\/04\/Ypehu-1024x768.jpg 1024w, https:\/\/pjcanindeyu.gov.py\/wp-content\/uploads\/2026\/04\/Ypehu-768x576.jpg 768w, https:\/\/pjcanindeyu.gov.py\/wp-content\/uploads\/2026\/04\/Ypehu-1536x1152.jpg 1536w\" sizes=\"auto, (max-width: 2048px) 100vw, 2048px\" \/><\/a><\/figure>\n<\/figure>\n","protected":false},"excerpt":{"rendered":"<p>\u200bEl 21 de abril, el Juzgado de Paz de Ypejh\u00fa activ\u00f3 un protocolo de protecci\u00f3n urgente tras recibir un informe de la CODENI sobre la presunta vulneraci\u00f3n de derechos de dos ni\u00f1as. El Juez de Paz interino, Abg. Nychert Almir\u00f3n, acompa\u00f1ado por el actuario judicial Abg. Gustavo Rejala, representantes de [&hellip;]<\/p>\n","protected":false},"author":1,"featured_media":5458,"comment_status":"open","ping_status":"closed","sticky":false,"template":"","format":"standard","meta":{"footnotes":""},"categories":[2],"tags":[],"class_list":["post-5457","post","type-post","status-publish","format-standard","has-post-thumbnail","hentry","category-notas"],"_links":{"self":[{"href":"https:\/\/pjcanindeyu.gov.py\/index.php?rest_route=\/wp\/v2\/posts\/5457","targetHints":{"allow":["GET"]}}],"collection":[{"href":"https:\/\/pjcanindeyu.gov.py\/index.php?rest_route=\/wp\/v2\/posts"}],"about":[{"href":"https:\/\/pjcanindeyu.gov.py\/index.php?rest_route=\/wp\/v2\/types\/post"}],"author":[{"embeddable":true,"href":"https:\/\/pjcanindeyu.gov.py\/index.php?rest_route=\/wp\/v2\/users\/1"}],"replies":[{"embeddable":true,"href":"https:\/\/pjcanindeyu.gov.py\/index.php?rest_route=%2Fwp%2Fv2%2Fcomments&post=5457"}],"version-history":[{"count":1,"href":"https:\/\/pjcanindeyu.gov.py\/index.php?rest_route=\/wp\/v2\/posts\/5457\/revisions"}],"predecessor-version":[{"id":5460,"href":"https:\/\/pjcanindeyu.gov.py\/index.php?rest_route=\/wp\/v2\/posts\/5457\/revisions\/5460"}],"wp:featuredmedia":[{"embeddable":true,"href":"https:\/\/pjcanindeyu.gov.py\/index.php?rest_route=\/wp\/v2\/media\/5458"}],"wp:attachment":[{"href":"https:\/\/pjcanindeyu.gov.py\/index.php?rest_route=%2Fwp%2Fv2%2Fmedia&parent=5457"}],"wp:term":[{"taxonomy":"category","embeddable":true,"href":"https:\/\/pjcanindeyu.gov.py\/index.php?rest_route=%2Fwp%2Fv2%2Fcategories&post=5457"},{"taxonomy":"post_tag","embeddable":true,"href":"https:\/\/pjcanindeyu.gov.py\/index.php?rest_route=%2Fwp%2Fv2%2Ftags&post=5457"}],"curies":[{"name":"wp","href":"https:\/\/api.w.org\/{rel}","templated":true}]}}