
{"id":5469,"date":"2026-04-24T11:22:37","date_gmt":"2026-04-24T15:22:37","guid":{"rendered":"https:\/\/pjcanindeyu.gov.py\/?p=5469"},"modified":"2026-04-29T11:25:07","modified_gmt":"2026-04-29T15:25:07","slug":"puesta-en-posesion-de-cargo-del-nuevo-juez-de-paz-de-villa-ygatimi","status":"publish","type":"post","link":"https:\/\/pjcanindeyu.gov.py\/?p=5469","title":{"rendered":"Puesta en posesi\u00f3n de cargo del nuevo Juez de Paz de Villa Ygatim\u00ed"},"content":{"rendered":"\n<p>\u200bEn un acto protocolar, el Consejo de Administraci\u00f3n de la Circunscripci\u00f3n Judicial de Canindey\u00fa ha puesto en posesi\u00f3n de cargo al Abg. Juan Alfonzo Cuevas Ortiz, quien asumi\u00f3 como Juez de Paz de la ciudad de Villa Ygatim\u00ed. La ceremonia fue presidida por la Abg. Edith Mart\u00ednez, presidenta del Consejo, y cont\u00f3 con la presencia de los jueces de Paz de Curuguaty, Abg. Jos\u00e9 L\u00f3pez y Abg. Miguel Riveros, as\u00ed como del Abg. Nychert Almir\u00f3n, Juez de Paz de Itanar\u00e1 e interino de Ypejh\u00fa. Participaron adem\u00e1s el administrador de la Circunscripci\u00f3n, Lic. Valdovino Maidana, junto a funcionarios judiciales de la regi\u00f3n.<\/p>\n\n\n\n<figure class=\"wp-block-gallery has-nested-images columns-default is-cropped galeria wp-block-gallery-1 is-layout-flex wp-block-gallery-is-layout-flex\">\n<figure class=\"wp-block-image size-large\"><a href=\"https:\/\/pjcanindeyu.gov.py\/wp-content\/uploads\/2026\/04\/Villa-Ygatimi-1.jpg\"><img loading=\"lazy\" decoding=\"async\" width=\"1024\" height=\"536\" data-id=\"5471\" src=\"https:\/\/pjcanindeyu.gov.py\/wp-content\/uploads\/2026\/04\/Villa-Ygatimi-1-1024x536.jpg\" alt=\"\" class=\"wp-image-5471\" srcset=\"https:\/\/pjcanindeyu.gov.py\/wp-content\/uploads\/2026\/04\/Villa-Ygatimi-1-1024x536.jpg 1024w, https:\/\/pjcanindeyu.gov.py\/wp-content\/uploads\/2026\/04\/Villa-Ygatimi-1-300x157.jpg 300w, https:\/\/pjcanindeyu.gov.py\/wp-content\/uploads\/2026\/04\/Villa-Ygatimi-1-768x402.jpg 768w, https:\/\/pjcanindeyu.gov.py\/wp-content\/uploads\/2026\/04\/Villa-Ygatimi-1.jpg 1200w\" sizes=\"auto, (max-width: 1024px) 100vw, 1024px\" \/><\/a><\/figure>\n\n\n\n<figure class=\"wp-block-image size-large\"><a href=\"https:\/\/pjcanindeyu.gov.py\/wp-content\/uploads\/2026\/04\/Villa-Ygatimi-2.jpg\"><img loading=\"lazy\" decoding=\"async\" width=\"1024\" height=\"536\" data-id=\"5473\" src=\"https:\/\/pjcanindeyu.gov.py\/wp-content\/uploads\/2026\/04\/Villa-Ygatimi-2-1024x536.jpg\" alt=\"\" class=\"wp-image-5473\" srcset=\"https:\/\/pjcanindeyu.gov.py\/wp-content\/uploads\/2026\/04\/Villa-Ygatimi-2-1024x536.jpg 1024w, https:\/\/pjcanindeyu.gov.py\/wp-content\/uploads\/2026\/04\/Villa-Ygatimi-2-300x157.jpg 300w, https:\/\/pjcanindeyu.gov.py\/wp-content\/uploads\/2026\/04\/Villa-Ygatimi-2-768x402.jpg 768w, https:\/\/pjcanindeyu.gov.py\/wp-content\/uploads\/2026\/04\/Villa-Ygatimi-2.jpg 1200w\" sizes=\"auto, (max-width: 1024px) 100vw, 1024px\" \/><\/a><\/figure>\n\n\n\n<figure class=\"wp-block-image size-large\"><a href=\"https:\/\/pjcanindeyu.gov.py\/wp-content\/uploads\/2026\/04\/Villa-Ygatimi-5.jpg\"><img loading=\"lazy\" decoding=\"async\" width=\"577\" height=\"1024\" data-id=\"5474\" src=\"https:\/\/pjcanindeyu.gov.py\/wp-content\/uploads\/2026\/04\/Villa-Ygatimi-5-577x1024.jpg\" alt=\"\" class=\"wp-image-5474\" srcset=\"https:\/\/pjcanindeyu.gov.py\/wp-content\/uploads\/2026\/04\/Villa-Ygatimi-5-577x1024.jpg 577w, https:\/\/pjcanindeyu.gov.py\/wp-content\/uploads\/2026\/04\/Villa-Ygatimi-5-169x300.jpg 169w, https:\/\/pjcanindeyu.gov.py\/wp-content\/uploads\/2026\/04\/Villa-Ygatimi-5-768x1363.jpg 768w, https:\/\/pjcanindeyu.gov.py\/wp-content\/uploads\/2026\/04\/Villa-Ygatimi-5-866x1536.jpg 866w, https:\/\/pjcanindeyu.gov.py\/wp-content\/uploads\/2026\/04\/Villa-Ygatimi-5.jpg 1154w\" sizes=\"auto, (max-width: 577px) 100vw, 577px\" \/><\/a><\/figure>\n\n\n\n<figure class=\"wp-block-image size-large\"><a href=\"https:\/\/pjcanindeyu.gov.py\/wp-content\/uploads\/2026\/04\/Villa-Ygatimi-3.jpg\"><img loading=\"lazy\" decoding=\"async\" width=\"576\" height=\"1024\" data-id=\"5472\" src=\"https:\/\/pjcanindeyu.gov.py\/wp-content\/uploads\/2026\/04\/Villa-Ygatimi-3-576x1024.jpg\" alt=\"\" class=\"wp-image-5472\" srcset=\"https:\/\/pjcanindeyu.gov.py\/wp-content\/uploads\/2026\/04\/Villa-Ygatimi-3-576x1024.jpg 576w, https:\/\/pjcanindeyu.gov.py\/wp-content\/uploads\/2026\/04\/Villa-Ygatimi-3-169x300.jpg 169w, https:\/\/pjcanindeyu.gov.py\/wp-content\/uploads\/2026\/04\/Villa-Ygatimi-3-768x1365.jpg 768w, https:\/\/pjcanindeyu.gov.py\/wp-content\/uploads\/2026\/04\/Villa-Ygatimi-3-864x1536.jpg 864w, https:\/\/pjcanindeyu.gov.py\/wp-content\/uploads\/2026\/04\/Villa-Ygatimi-3.jpg 900w\" sizes=\"auto, (max-width: 576px) 100vw, 576px\" \/><\/a><\/figure>\n\n\n\n<figure class=\"wp-block-image size-large\"><a href=\"https:\/\/pjcanindeyu.gov.py\/wp-content\/uploads\/2026\/04\/Villa-Ygatimi-4.jpg\"><img loading=\"lazy\" decoding=\"async\" width=\"1024\" height=\"576\" data-id=\"5470\" src=\"https:\/\/pjcanindeyu.gov.py\/wp-content\/uploads\/2026\/04\/Villa-Ygatimi-4-1024x576.jpg\" alt=\"\" class=\"wp-image-5470\" srcset=\"https:\/\/pjcanindeyu.gov.py\/wp-content\/uploads\/2026\/04\/Villa-Ygatimi-4-1024x576.jpg 1024w, https:\/\/pjcanindeyu.gov.py\/wp-content\/uploads\/2026\/04\/Villa-Ygatimi-4-300x169.jpg 300w, https:\/\/pjcanindeyu.gov.py\/wp-content\/uploads\/2026\/04\/Villa-Ygatimi-4-768x432.jpg 768w, https:\/\/pjcanindeyu.gov.py\/wp-content\/uploads\/2026\/04\/Villa-Ygatimi-4-1536x864.jpg 1536w, https:\/\/pjcanindeyu.gov.py\/wp-content\/uploads\/2026\/04\/Villa-Ygatimi-4-1280x720.jpg 1280w, https:\/\/pjcanindeyu.gov.py\/wp-content\/uploads\/2026\/04\/Villa-Ygatimi-4.jpg 1600w\" sizes=\"auto, (max-width: 1024px) 100vw, 1024px\" \/><\/a><\/figure>\n<\/figure>\n","protected":false},"excerpt":{"rendered":"<p>\u200bEn un acto protocolar, el Consejo de Administraci\u00f3n de la Circunscripci\u00f3n Judicial de Canindey\u00fa ha puesto en posesi\u00f3n de cargo al Abg. Juan Alfonzo Cuevas Ortiz, quien asumi\u00f3 como Juez de Paz de la ciudad de Villa Ygatim\u00ed. La ceremonia fue presidida por la Abg. Edith Mart\u00ednez, presidenta del Consejo, [&hellip;]<\/p>\n","protected":false},"author":1,"featured_media":5470,"comment_status":"open","ping_status":"closed","sticky":false,"template":"","format":"standard","meta":{"footnotes":""},"categories":[2],"tags":[],"class_list":["post-5469","post","type-post","status-publish","format-standard","has-post-thumbnail","hentry","category-notas"],"_links":{"self":[{"href":"https:\/\/pjcanindeyu.gov.py\/index.php?rest_route=\/wp\/v2\/posts\/5469","targetHints":{"allow":["GET"]}}],"collection":[{"href":"https:\/\/pjcanindeyu.gov.py\/index.php?rest_route=\/wp\/v2\/posts"}],"about":[{"href":"https:\/\/pjcanindeyu.gov.py\/index.php?rest_route=\/wp\/v2\/types\/post"}],"author":[{"embeddable":true,"href":"https:\/\/pjcanindeyu.gov.py\/index.php?rest_route=\/wp\/v2\/users\/1"}],"replies":[{"embeddable":true,"href":"https:\/\/pjcanindeyu.gov.py\/index.php?rest_route=%2Fwp%2Fv2%2Fcomments&post=5469"}],"version-history":[{"count":1,"href":"https:\/\/pjcanindeyu.gov.py\/index.php?rest_route=\/wp\/v2\/posts\/5469\/revisions"}],"predecessor-version":[{"id":5475,"href":"https:\/\/pjcanindeyu.gov.py\/index.php?rest_route=\/wp\/v2\/posts\/5469\/revisions\/5475"}],"wp:featuredmedia":[{"embeddable":true,"href":"https:\/\/pjcanindeyu.gov.py\/index.php?rest_route=\/wp\/v2\/media\/5470"}],"wp:attachment":[{"href":"https:\/\/pjcanindeyu.gov.py\/index.php?rest_route=%2Fwp%2Fv2%2Fmedia&parent=5469"}],"wp:term":[{"taxonomy":"category","embeddable":true,"href":"https:\/\/pjcanindeyu.gov.py\/index.php?rest_route=%2Fwp%2Fv2%2Fcategories&post=5469"},{"taxonomy":"post_tag","embeddable":true,"href":"https:\/\/pjcanindeyu.gov.py\/index.php?rest_route=%2Fwp%2Fv2%2Ftags&post=5469"}],"curies":[{"name":"wp","href":"https:\/\/api.w.org\/{rel}","templated":true}]}}