
{"id":5476,"date":"2026-04-27T09:26:00","date_gmt":"2026-04-27T13:26:00","guid":{"rendered":"https:\/\/pjcanindeyu.gov.py\/?p=5476"},"modified":"2026-04-29T11:28:31","modified_gmt":"2026-04-29T15:28:31","slug":"jornada-de-prevencion-dirigido-a-ninos-ninas-y-adolescentes-en-la-ciudad-de-katuete","status":"publish","type":"post","link":"https:\/\/pjcanindeyu.gov.py\/?p=5476","title":{"rendered":"Jornada de prevenci\u00f3n dirigido a ni\u00f1os, ni\u00f1as y adolescentes en la ciudad de Katuet\u00e9"},"content":{"rendered":"\n<p>En conmemoraci\u00f3n del D\u00eda Internacional contra la Violencia hacia Ni\u00f1os, Ni\u00f1as y Adolescentes, el Juzgado de Primera Instancia en lo Civil, Comercial, Laboral y de la Ni\u00f1ez y Adolescencia de Katuet\u00e9, a cargo de la Abg. Josefina Gunsett Melgarejo, llev\u00f3 a cabo una jornada de sensibilizaci\u00f3n en la Escuela B\u00e1sica Nro. 5701. La actividad, desarrollada el pasado s\u00e1bado 25 de abril, convoc\u00f3 a aproximadamente 100 estudiantes de entre 8 y 14 a\u00f1os con el prop\u00f3sito de aplicar herramientas pr\u00e1cticas para la prevenci\u00f3n de la violencia, las adicciones y el cuidado de la salud mental.<\/p>\n\n\n\n<p>Esta iniciativa se desprende de los acuerdos establecidos en el II Foro Departamental de Canindey\u00fa y se enmarca en el programa interinstitucional \u00abSembrando Prevenci\u00f3n, Cosechando Protecci\u00f3n\u00bb 2026, impulsado por el Ministerio de la Ni\u00f1ez y la Adolescencia (MINNA). La jornada cont\u00f3 con la participaci\u00f3n de la representante de la CODENI de la Municipalidad de Katuet\u00e9, Abg. Daysy Mart\u00ednez, el Defensor P\u00fablico, Cristian Daniel Larr\u00e9 Gim\u00e9nez y el acompa\u00f1amiento del director de la instituci\u00f3n educativa, Prof. Mauro Miltos Mart\u00ednez.<\/p>\n\n\n\n<p>A trav\u00e9s de esta acci\u00f3n, el Juzgado de Katuet\u00e9 busca fortalecer el entorno protector de los ni\u00f1os, ni\u00f1as y adolescentes mediante la educaci\u00f3n preventiva y el acceso directo a la justicia, adem\u00e1s de consolidar el compromiso del Poder Judicial de Canindey\u00fa con la salvaguarda de los derechos fundamentales de la infancia en la regi\u00f3n.<\/p>\n\n\n\n<figure class=\"wp-block-gallery has-nested-images columns-default is-cropped galeria wp-block-gallery-1 is-layout-flex wp-block-gallery-is-layout-flex\">\n<figure class=\"wp-block-image size-large\"><a href=\"https:\/\/pjcanindeyu.gov.py\/wp-content\/uploads\/2026\/04\/Ninos-kte-1.jpg\"><img loading=\"lazy\" decoding=\"async\" width=\"1024\" height=\"536\" data-id=\"5477\" src=\"https:\/\/pjcanindeyu.gov.py\/wp-content\/uploads\/2026\/04\/Ninos-kte-1-1024x536.jpg\" alt=\"\" class=\"wp-image-5477\" srcset=\"https:\/\/pjcanindeyu.gov.py\/wp-content\/uploads\/2026\/04\/Ninos-kte-1-1024x536.jpg 1024w, https:\/\/pjcanindeyu.gov.py\/wp-content\/uploads\/2026\/04\/Ninos-kte-1-300x157.jpg 300w, https:\/\/pjcanindeyu.gov.py\/wp-content\/uploads\/2026\/04\/Ninos-kte-1-768x402.jpg 768w, https:\/\/pjcanindeyu.gov.py\/wp-content\/uploads\/2026\/04\/Ninos-kte-1.jpg 1200w\" sizes=\"auto, (max-width: 1024px) 100vw, 1024px\" \/><\/a><\/figure>\n\n\n\n<figure class=\"wp-block-image size-large\"><a href=\"https:\/\/pjcanindeyu.gov.py\/wp-content\/uploads\/2026\/04\/Ninos-kte-2.jpg\"><img loading=\"lazy\" decoding=\"async\" width=\"1024\" height=\"536\" data-id=\"5478\" src=\"https:\/\/pjcanindeyu.gov.py\/wp-content\/uploads\/2026\/04\/Ninos-kte-2-1024x536.jpg\" alt=\"\" class=\"wp-image-5478\" srcset=\"https:\/\/pjcanindeyu.gov.py\/wp-content\/uploads\/2026\/04\/Ninos-kte-2-1024x536.jpg 1024w, https:\/\/pjcanindeyu.gov.py\/wp-content\/uploads\/2026\/04\/Ninos-kte-2-300x157.jpg 300w, https:\/\/pjcanindeyu.gov.py\/wp-content\/uploads\/2026\/04\/Ninos-kte-2-768x402.jpg 768w, https:\/\/pjcanindeyu.gov.py\/wp-content\/uploads\/2026\/04\/Ninos-kte-2.jpg 1200w\" sizes=\"auto, (max-width: 1024px) 100vw, 1024px\" \/><\/a><\/figure>\n\n\n\n<figure class=\"wp-block-image size-large\"><a href=\"https:\/\/pjcanindeyu.gov.py\/wp-content\/uploads\/2026\/04\/Ninos-kte-3.jpg\"><img loading=\"lazy\" decoding=\"async\" width=\"1024\" height=\"536\" data-id=\"5480\" src=\"https:\/\/pjcanindeyu.gov.py\/wp-content\/uploads\/2026\/04\/Ninos-kte-3-1024x536.jpg\" alt=\"\" class=\"wp-image-5480\" srcset=\"https:\/\/pjcanindeyu.gov.py\/wp-content\/uploads\/2026\/04\/Ninos-kte-3-1024x536.jpg 1024w, https:\/\/pjcanindeyu.gov.py\/wp-content\/uploads\/2026\/04\/Ninos-kte-3-300x157.jpg 300w, https:\/\/pjcanindeyu.gov.py\/wp-content\/uploads\/2026\/04\/Ninos-kte-3-768x402.jpg 768w, https:\/\/pjcanindeyu.gov.py\/wp-content\/uploads\/2026\/04\/Ninos-kte-3.jpg 1200w\" sizes=\"auto, (max-width: 1024px) 100vw, 1024px\" \/><\/a><\/figure>\n\n\n\n<figure class=\"wp-block-image size-large\"><a href=\"https:\/\/pjcanindeyu.gov.py\/wp-content\/uploads\/2026\/04\/Ninos-kte.jpg\"><img loading=\"lazy\" decoding=\"async\" width=\"1024\" height=\"536\" data-id=\"5479\" src=\"https:\/\/pjcanindeyu.gov.py\/wp-content\/uploads\/2026\/04\/Ninos-kte-1024x536.jpg\" alt=\"\" class=\"wp-image-5479\" srcset=\"https:\/\/pjcanindeyu.gov.py\/wp-content\/uploads\/2026\/04\/Ninos-kte-1024x536.jpg 1024w, https:\/\/pjcanindeyu.gov.py\/wp-content\/uploads\/2026\/04\/Ninos-kte-300x157.jpg 300w, https:\/\/pjcanindeyu.gov.py\/wp-content\/uploads\/2026\/04\/Ninos-kte-768x402.jpg 768w, https:\/\/pjcanindeyu.gov.py\/wp-content\/uploads\/2026\/04\/Ninos-kte.jpg 1200w\" sizes=\"auto, (max-width: 1024px) 100vw, 1024px\" \/><\/a><\/figure>\n<\/figure>\n","protected":false},"excerpt":{"rendered":"<p>En conmemoraci\u00f3n del D\u00eda Internacional contra la Violencia hacia Ni\u00f1os, Ni\u00f1as y Adolescentes, el Juzgado de Primera Instancia en lo Civil, Comercial, Laboral y de la Ni\u00f1ez y Adolescencia de Katuet\u00e9, a cargo de la Abg. Josefina Gunsett Melgarejo, llev\u00f3 a cabo una jornada de sensibilizaci\u00f3n en la Escuela B\u00e1sica [&hellip;]<\/p>\n","protected":false},"author":1,"featured_media":5479,"comment_status":"open","ping_status":"closed","sticky":false,"template":"","format":"standard","meta":{"footnotes":""},"categories":[2],"tags":[],"class_list":["post-5476","post","type-post","status-publish","format-standard","has-post-thumbnail","hentry","category-notas"],"_links":{"self":[{"href":"https:\/\/pjcanindeyu.gov.py\/index.php?rest_route=\/wp\/v2\/posts\/5476","targetHints":{"allow":["GET"]}}],"collection":[{"href":"https:\/\/pjcanindeyu.gov.py\/index.php?rest_route=\/wp\/v2\/posts"}],"about":[{"href":"https:\/\/pjcanindeyu.gov.py\/index.php?rest_route=\/wp\/v2\/types\/post"}],"author":[{"embeddable":true,"href":"https:\/\/pjcanindeyu.gov.py\/index.php?rest_route=\/wp\/v2\/users\/1"}],"replies":[{"embeddable":true,"href":"https:\/\/pjcanindeyu.gov.py\/index.php?rest_route=%2Fwp%2Fv2%2Fcomments&post=5476"}],"version-history":[{"count":1,"href":"https:\/\/pjcanindeyu.gov.py\/index.php?rest_route=\/wp\/v2\/posts\/5476\/revisions"}],"predecessor-version":[{"id":5481,"href":"https:\/\/pjcanindeyu.gov.py\/index.php?rest_route=\/wp\/v2\/posts\/5476\/revisions\/5481"}],"wp:featuredmedia":[{"embeddable":true,"href":"https:\/\/pjcanindeyu.gov.py\/index.php?rest_route=\/wp\/v2\/media\/5479"}],"wp:attachment":[{"href":"https:\/\/pjcanindeyu.gov.py\/index.php?rest_route=%2Fwp%2Fv2%2Fmedia&parent=5476"}],"wp:term":[{"taxonomy":"category","embeddable":true,"href":"https:\/\/pjcanindeyu.gov.py\/index.php?rest_route=%2Fwp%2Fv2%2Fcategories&post=5476"},{"taxonomy":"post_tag","embeddable":true,"href":"https:\/\/pjcanindeyu.gov.py\/index.php?rest_route=%2Fwp%2Fv2%2Ftags&post=5476"}],"curies":[{"name":"wp","href":"https:\/\/api.w.org\/{rel}","templated":true}]}}