
{"id":762,"date":"2022-02-11T15:18:12","date_gmt":"2022-02-11T18:18:12","guid":{"rendered":"http:\/\/172.31.162.97\/pagina\/?p=53"},"modified":"2023-05-22T16:27:32","modified_gmt":"2023-05-22T16:27:32","slug":"culmino-entrevista-virtual","status":"publish","type":"post","link":"https:\/\/pjcanindeyu.gov.py\/?p=762","title":{"rendered":"Culmin\u00f3 entrevista virtual a postulantes de Canindey\u00fa"},"content":{"rendered":"\n<p>La Corte Suprema de Justicia, a trav\u00e9s de su Direcci\u00f3n de Recursos Humanos, realiz\u00f3 este viernes entrevistas por medios telem\u00e1ticos a postulantes con los mejores perfiles que se han presentado para la evaluaci\u00f3n correspondiente al concurso p\u00fablico para cargos vacantes de la Circunscripci\u00f3n Judicial de Canindey\u00fa. <\/p>\n\n\n\n<div class=\"wp-block-columns galeria is-layout-flex wp-container-core-columns-is-layout-9d6595d7 wp-block-columns-is-layout-flex\">\n<div class=\"wp-block-column is-layout-flow wp-block-column-is-layout-flow\" style=\"flex-basis:100%\">\n<figure class=\"wp-block-image size-full rounded\"><a href=\"https:\/\/pjcanindeyu.gov.py\/wp-content\/uploads\/2023\/03\/cierre-de-entrevistas.jpg\"><img loading=\"lazy\" decoding=\"async\" width=\"960\" height=\"640\" src=\"https:\/\/pjcanindeyu.gov.py\/wp-content\/uploads\/2023\/03\/cierre-de-entrevistas.jpg\" alt=\"\" class=\"wp-image-1920\" srcset=\"https:\/\/pjcanindeyu.gov.py\/wp-content\/uploads\/2023\/03\/cierre-de-entrevistas.jpg 960w, https:\/\/pjcanindeyu.gov.py\/wp-content\/uploads\/2023\/03\/cierre-de-entrevistas-300x200.jpg 300w, https:\/\/pjcanindeyu.gov.py\/wp-content\/uploads\/2023\/03\/cierre-de-entrevistas-768x512.jpg 768w\" sizes=\"auto, (max-width: 960px) 100vw, 960px\" \/><\/a><\/figure>\n<\/div>\n<\/div>\n\n\n\n<p>Este jueves 10 y viernes 11 de febrero el &nbsp;Comit\u00e9 de Selecci\u00f3n de la Corte Suprema de Justicia realiz\u00f3 entrevistas a postulantes del Concurso 22\/2021 Asistente Social Forense de Salto del Guair\u00e1, Concurso 23\/2021 Asistente Social Forense de Curuguaty, Concurso 25\/2021 Actuario Judicial para&nbsp; Curuguaty (2 vacancias), Concurso&nbsp; 26\/2021 Actuario Judicial para Salto del Guair\u00e1, Asistente Administrativo III Secci\u00f3n Servicios Generales,&nbsp;Dpto. Administrativo Financiero, Concurso 29\/2021 Asistente Jurisdiccional II del Tribunal de Apelaci\u00f3n Multifueros de Salto del Guair\u00e1.<\/p>\n\n\n\n<p>Participaron los tres mejores postulados del concurso convocado con ese prop\u00f3sito.<\/p>\n\n\n\n<p>La mesa que estuvo a cargo de la entrevista estuvo conformada por el licenciado Yamil Admen Director Interino de Recursos Humanos, abogado Imbert Mereles Director Centro Internacional de Estudios Judiciales (CIEJ), abogado Gustavo Br\u00edtez, el Presidente del&nbsp;Consejo de Aministraci\u00f3n&nbsp;de Canindey\u00fa, abogado Carlos Dom\u00ednguez Vicepresidente primero del Consejo Canindey\u00fa y la abogada Edith Mart\u00ednez Vicepresidenta segunda.<\/p>\n\n\n\n<p>Al igual que los jueces Jannine R\u00edos Jueza juzgado Penal Adolescente de&nbsp; Curuguaty, Maria Isabel D\u00e1valos del juzgado Penal itinerante de Canindey\u00fa, el licenciado Valdovino Maidana, Administrador de la circunscripci\u00f3n judicial de Canindey\u00fa y la abogada Maria Victoria Cardozo, Coordinadora de la Oficina T\u00e9cnico Forense.<\/p>\n\n\n\n<p>Estos procesos se llevan a cabo apuntando a una gesti\u00f3n eficiente y transparente de ingreso y promoci\u00f3n de personas en la instituci\u00f3n. Los concursos p\u00fablicos de oposici\u00f3n tienen como base los principios de igualdad, equidad, publicidad, transparencia, objetividad, imparcialidad y legalidad, con el fin de garantizar la selecci\u00f3n de las personas id\u00f3neas para desarrollar las funciones requeridas.<\/p>\n\n\n\n<p><\/p>\n","protected":false},"excerpt":{"rendered":"<p>La Corte Suprema de Justicia, a trav\u00e9s de su Direcci\u00f3n de Recursos Humanos, realiz\u00f3 este viernes entrevistas por medios telem\u00e1ticos a postulantes con los mejores perfiles que se han presentado para la evaluaci\u00f3n correspondiente al concurso p\u00fablico para cargos vacantes de la Circunscripci\u00f3n Judicial de Canindey\u00fa. Este jueves 10 y [&hellip;]<\/p>\n","protected":false},"author":1,"featured_media":1920,"comment_status":"closed","ping_status":"closed","sticky":false,"template":"","format":"standard","meta":{"footnotes":""},"categories":[2],"tags":[],"class_list":["post-762","post","type-post","status-publish","format-standard","has-post-thumbnail","hentry","category-notas"],"_links":{"self":[{"href":"https:\/\/pjcanindeyu.gov.py\/index.php?rest_route=\/wp\/v2\/posts\/762","targetHints":{"allow":["GET"]}}],"collection":[{"href":"https:\/\/pjcanindeyu.gov.py\/index.php?rest_route=\/wp\/v2\/posts"}],"about":[{"href":"https:\/\/pjcanindeyu.gov.py\/index.php?rest_route=\/wp\/v2\/types\/post"}],"author":[{"embeddable":true,"href":"https:\/\/pjcanindeyu.gov.py\/index.php?rest_route=\/wp\/v2\/users\/1"}],"replies":[{"embeddable":true,"href":"https:\/\/pjcanindeyu.gov.py\/index.php?rest_route=%2Fwp%2Fv2%2Fcomments&post=762"}],"version-history":[{"count":1,"href":"https:\/\/pjcanindeyu.gov.py\/index.php?rest_route=\/wp\/v2\/posts\/762\/revisions"}],"predecessor-version":[{"id":2211,"href":"https:\/\/pjcanindeyu.gov.py\/index.php?rest_route=\/wp\/v2\/posts\/762\/revisions\/2211"}],"wp:featuredmedia":[{"embeddable":true,"href":"https:\/\/pjcanindeyu.gov.py\/index.php?rest_route=\/wp\/v2\/media\/1920"}],"wp:attachment":[{"href":"https:\/\/pjcanindeyu.gov.py\/index.php?rest_route=%2Fwp%2Fv2%2Fmedia&parent=762"}],"wp:term":[{"taxonomy":"category","embeddable":true,"href":"https:\/\/pjcanindeyu.gov.py\/index.php?rest_route=%2Fwp%2Fv2%2Fcategories&post=762"},{"taxonomy":"post_tag","embeddable":true,"href":"https:\/\/pjcanindeyu.gov.py\/index.php?rest_route=%2Fwp%2Fv2%2Ftags&post=762"}],"curies":[{"name":"wp","href":"https:\/\/api.w.org\/{rel}","templated":true}]}}