
{"id":763,"date":"2022-05-27T18:55:36","date_gmt":"2022-05-27T22:55:36","guid":{"rendered":"http:\/\/172.31.162.97\/pagina\/?p=106"},"modified":"2023-05-22T16:29:55","modified_gmt":"2023-05-22T16:29:55","slug":"habilitan-oficina-regional","status":"publish","type":"post","link":"https:\/\/pjcanindeyu.gov.py\/?p=763","title":{"rendered":"Habilitan oficina regional de Registros P\u00fablicos de Salto del Guair\u00e1"},"content":{"rendered":"\n<p>El presidente de la Corte Suprema de Justicia, doctor Antonio Fretes, y la ministra superintendente de la Circunscripci\u00f3n Judicial de Canindey\u00fa, doctora Carolina Llanes, oficiaron de forma telem\u00e1tica el acto que habilita la Oficina Regional de la Direcci\u00f3n General de los Registros P\u00fablicos en la sede del Palacio de Justicia de Salto del Guair\u00e1. La nueva dependencia permitir\u00e1 que profesionales abogados puedan realizar sus gestiones sin necesidad de trasladarse hasta la capital.  <\/p>\n\n\n\n<div class=\"wp-block-columns galeria is-layout-flex wp-container-core-columns-is-layout-9d6595d7 wp-block-columns-is-layout-flex\">\n<div class=\"wp-block-column is-layout-flow wp-block-column-is-layout-flow\" style=\"flex-basis:100%\">\n<figure class=\"wp-block-image size-full rounded\"><a href=\"https:\/\/pjcanindeyu.gov.py\/wp-content\/uploads\/2023\/03\/habilitacion.jpg\"><img loading=\"lazy\" decoding=\"async\" width=\"960\" height=\"720\" src=\"https:\/\/pjcanindeyu.gov.py\/wp-content\/uploads\/2023\/03\/habilitacion.jpg\" alt=\"\" class=\"wp-image-1931\" srcset=\"https:\/\/pjcanindeyu.gov.py\/wp-content\/uploads\/2023\/03\/habilitacion.jpg 960w, https:\/\/pjcanindeyu.gov.py\/wp-content\/uploads\/2023\/03\/habilitacion-300x225.jpg 300w, https:\/\/pjcanindeyu.gov.py\/wp-content\/uploads\/2023\/03\/habilitacion-768x576.jpg 768w\" sizes=\"auto, (max-width: 960px) 100vw, 960px\" \/><\/a><\/figure>\n<\/div>\n<\/div>\n\n\n\n<p>La apertura de la Oficina de la Direcci\u00f3n General de los Registros P\u00fablicos en esta circunscripci\u00f3n permitir\u00e1 a los usuarios de justicia dar entrada y salida a los informes y escrituras p\u00fablicas, certificados de condiciones de dominio, certificados de anotaciones personales, entre otros documentos de materia registral, facilitando su acceso sin la necesidad de trasladarse para realizar sus gestiones en otra circunscripci\u00f3n.<\/p>\n\n\n\n<p>As\u00ed tambi\u00e9n, del acto participaron la directora general de los Registros P\u00fablicos, Abg. y NP Lourdes Gonz\u00e1lez (telem\u00e1tica); el presidente del Consejo de Administraci\u00f3n de la XV Circunscripci\u00f3n, Abg. Gustavo Br\u00edtez, y los miembros Abg. Carlos Dom\u00ednguez y Edith Mart\u00ednez, entre otras autoridades locales.<\/p>\n\n\n\n<p>Con esta habilitaci\u00f3n, la Corte Suprema prosigue labores en cumplimiento de las acciones encaminadas a la descentralizaci\u00f3n administrativa y modernizaci\u00f3n de los Registros P\u00fablicos.<\/p>\n","protected":false},"excerpt":{"rendered":"<p>El presidente de la Corte Suprema de Justicia, doctor Antonio Fretes, y la ministra superintendente de la Circunscripci\u00f3n Judicial de Canindey\u00fa, doctora Carolina Llanes, oficiaron de forma telem\u00e1tica el acto que habilita la Oficina Regional de la Direcci\u00f3n General de los Registros P\u00fablicos en la sede del Palacio de Justicia [&hellip;]<\/p>\n","protected":false},"author":1,"featured_media":1931,"comment_status":"closed","ping_status":"closed","sticky":false,"template":"","format":"standard","meta":{"footnotes":""},"categories":[2],"tags":[],"class_list":["post-763","post","type-post","status-publish","format-standard","has-post-thumbnail","hentry","category-notas"],"_links":{"self":[{"href":"https:\/\/pjcanindeyu.gov.py\/index.php?rest_route=\/wp\/v2\/posts\/763","targetHints":{"allow":["GET"]}}],"collection":[{"href":"https:\/\/pjcanindeyu.gov.py\/index.php?rest_route=\/wp\/v2\/posts"}],"about":[{"href":"https:\/\/pjcanindeyu.gov.py\/index.php?rest_route=\/wp\/v2\/types\/post"}],"author":[{"embeddable":true,"href":"https:\/\/pjcanindeyu.gov.py\/index.php?rest_route=\/wp\/v2\/users\/1"}],"replies":[{"embeddable":true,"href":"https:\/\/pjcanindeyu.gov.py\/index.php?rest_route=%2Fwp%2Fv2%2Fcomments&post=763"}],"version-history":[{"count":1,"href":"https:\/\/pjcanindeyu.gov.py\/index.php?rest_route=\/wp\/v2\/posts\/763\/revisions"}],"predecessor-version":[{"id":2213,"href":"https:\/\/pjcanindeyu.gov.py\/index.php?rest_route=\/wp\/v2\/posts\/763\/revisions\/2213"}],"wp:featuredmedia":[{"embeddable":true,"href":"https:\/\/pjcanindeyu.gov.py\/index.php?rest_route=\/wp\/v2\/media\/1931"}],"wp:attachment":[{"href":"https:\/\/pjcanindeyu.gov.py\/index.php?rest_route=%2Fwp%2Fv2%2Fmedia&parent=763"}],"wp:term":[{"taxonomy":"category","embeddable":true,"href":"https:\/\/pjcanindeyu.gov.py\/index.php?rest_route=%2Fwp%2Fv2%2Fcategories&post=763"},{"taxonomy":"post_tag","embeddable":true,"href":"https:\/\/pjcanindeyu.gov.py\/index.php?rest_route=%2Fwp%2Fv2%2Ftags&post=763"}],"curies":[{"name":"wp","href":"https:\/\/api.w.org\/{rel}","templated":true}]}}