
{"id":765,"date":"2022-04-22T08:25:49","date_gmt":"2022-04-22T12:25:49","guid":{"rendered":"http:\/\/172.31.162.97\/pagina\/?p=127"},"modified":"2023-05-22T16:30:47","modified_gmt":"2023-05-22T16:30:47","slug":"presidente-jorge-bogarin","status":"publish","type":"post","link":"https:\/\/pjcanindeyu.gov.py\/?p=765","title":{"rendered":"Presidente del Jurado de Enjuiciamiento de Magistrados y Miembro del Consejo de la Magistratura visit\u00f3 la sede del Poder Judicial de Salto del Guair\u00e1."},"content":{"rendered":"\n<p>En la jornada de la fecha, el Dr. Jorge Bogarin, visit\u00f3 la obra de la futura sede del Palacio de Justicia, en el que se destac\u00f3 los avances de la imponente construcci\u00f3n. Estuvo acompa\u00f1ado del presidente del Consejo de Administraci\u00f3n de la Circunscripci\u00f3n Judicial de Canindey\u00fa, Abg. Gustavo H. Br\u00edtez y los Miembros Abg. Carlos Dom\u00ednguez, Abg. Edith Mart\u00ednez. En acto posterior se traslad\u00f3 al Palacio de Justicia en donde participo de una reuni\u00f3n con los Magistrados Judiciales integrantes de la Asociaci\u00f3n de Magistrados, ASOMAC, con la finalidad de escuchar inquietudes y presentar los avances logrados en cuanto al funcionamiento del Jurado de Enjuiciamiento y el Consejo de la Magistratura. <\/p>\n\n\n\n<div class=\"wp-block-columns galeria is-layout-flex wp-container-core-columns-is-layout-9d6595d7 wp-block-columns-is-layout-flex\">\n<div class=\"wp-block-column is-layout-flow wp-block-column-is-layout-flow\" style=\"flex-basis:100%\">\n<figure class=\"wp-block-image size-large rounded\"><a href=\"https:\/\/pjcanindeyu.gov.py\/wp-content\/uploads\/2023\/03\/Presidente-jurado.jpg\"><img loading=\"lazy\" decoding=\"async\" width=\"1024\" height=\"550\" src=\"https:\/\/pjcanindeyu.gov.py\/wp-content\/uploads\/2023\/03\/Presidente-jurado-1024x550.jpg\" alt=\"\" class=\"wp-image-1975\" srcset=\"https:\/\/pjcanindeyu.gov.py\/wp-content\/uploads\/2023\/03\/Presidente-jurado-1024x550.jpg 1024w, https:\/\/pjcanindeyu.gov.py\/wp-content\/uploads\/2023\/03\/Presidente-jurado-300x161.jpg 300w, https:\/\/pjcanindeyu.gov.py\/wp-content\/uploads\/2023\/03\/Presidente-jurado-768x413.jpg 768w, https:\/\/pjcanindeyu.gov.py\/wp-content\/uploads\/2023\/03\/Presidente-jurado.jpg 1280w\" sizes=\"auto, (max-width: 1024px) 100vw, 1024px\" \/><\/a><\/figure>\n<\/div>\n<\/div>\n","protected":false},"excerpt":{"rendered":"<p>En la jornada de la fecha, el Dr. Jorge Bogarin, visit\u00f3 la obra de la futura sede del Palacio de Justicia, en el que se destac\u00f3 los avances de la imponente construcci\u00f3n. Estuvo acompa\u00f1ado del presidente del Consejo de Administraci\u00f3n de la Circunscripci\u00f3n Judicial de Canindey\u00fa, Abg. Gustavo H. Br\u00edtez [&hellip;]<\/p>\n","protected":false},"author":1,"featured_media":1975,"comment_status":"closed","ping_status":"closed","sticky":false,"template":"","format":"standard","meta":{"footnotes":""},"categories":[2],"tags":[],"class_list":["post-765","post","type-post","status-publish","format-standard","has-post-thumbnail","hentry","category-notas"],"_links":{"self":[{"href":"https:\/\/pjcanindeyu.gov.py\/index.php?rest_route=\/wp\/v2\/posts\/765","targetHints":{"allow":["GET"]}}],"collection":[{"href":"https:\/\/pjcanindeyu.gov.py\/index.php?rest_route=\/wp\/v2\/posts"}],"about":[{"href":"https:\/\/pjcanindeyu.gov.py\/index.php?rest_route=\/wp\/v2\/types\/post"}],"author":[{"embeddable":true,"href":"https:\/\/pjcanindeyu.gov.py\/index.php?rest_route=\/wp\/v2\/users\/1"}],"replies":[{"embeddable":true,"href":"https:\/\/pjcanindeyu.gov.py\/index.php?rest_route=%2Fwp%2Fv2%2Fcomments&post=765"}],"version-history":[{"count":1,"href":"https:\/\/pjcanindeyu.gov.py\/index.php?rest_route=\/wp\/v2\/posts\/765\/revisions"}],"predecessor-version":[{"id":2214,"href":"https:\/\/pjcanindeyu.gov.py\/index.php?rest_route=\/wp\/v2\/posts\/765\/revisions\/2214"}],"wp:featuredmedia":[{"embeddable":true,"href":"https:\/\/pjcanindeyu.gov.py\/index.php?rest_route=\/wp\/v2\/media\/1975"}],"wp:attachment":[{"href":"https:\/\/pjcanindeyu.gov.py\/index.php?rest_route=%2Fwp%2Fv2%2Fmedia&parent=765"}],"wp:term":[{"taxonomy":"category","embeddable":true,"href":"https:\/\/pjcanindeyu.gov.py\/index.php?rest_route=%2Fwp%2Fv2%2Fcategories&post=765"},{"taxonomy":"post_tag","embeddable":true,"href":"https:\/\/pjcanindeyu.gov.py\/index.php?rest_route=%2Fwp%2Fv2%2Ftags&post=765"}],"curies":[{"name":"wp","href":"https:\/\/api.w.org\/{rel}","templated":true}]}}