
{"id":844,"date":"2022-10-06T12:35:37","date_gmt":"2022-10-06T12:35:37","guid":{"rendered":"https:\/\/pjcanindeyu.gov.py\/?p=844"},"modified":"2023-05-22T16:41:04","modified_gmt":"2023-05-22T16:41:04","slug":"jornada-de-monitoreo-y-evaluacion-de-los-indicadores-sobre-transparencia-integridad-y-rendicion-de-cuentas-de-la-circunscripcion-judicial-de-canindeyu","status":"publish","type":"post","link":"https:\/\/pjcanindeyu.gov.py\/?p=844","title":{"rendered":"Jornada de monitoreo y evaluaci\u00f3n de los indicadores sobre transparencia, integridad y rendici\u00f3n de cuentas de la Circunscripci\u00f3n Judicial de Canindey\u00fa."},"content":{"rendered":"\n<p>El Consejo de Administraci\u00f3n de la Circunscripci\u00f3n Judicial de Canindey\u00fa llev\u00f3 a cabo el martes 04 de octubre una jornada de monitoreo y evaluaci\u00f3n referente a los indicadores sobre transparencia, rendici\u00f3n de cuentas e integridad judicial, en cumplimiento de las pol\u00edticas de buen gobierno impulsadas por la Corte Suprema de Justicia.<\/p>\n\n\n\n<div class=\"wp-block-columns galeria is-layout-flex wp-container-core-columns-is-layout-9d6595d7 wp-block-columns-is-layout-flex\">\n<div class=\"wp-block-column is-layout-flow wp-block-column-is-layout-flow\" style=\"flex-basis:100%\"><div class=\"wp-block-image rounded\">\n<figure class=\"aligncenter size-large\"><a href=\"https:\/\/pjcanindeyu.gov.py\/wp-content\/uploads\/2023\/03\/1.2-edited.jpeg\"><img loading=\"lazy\" decoding=\"async\" width=\"1024\" height=\"576\" src=\"https:\/\/pjcanindeyu.gov.py\/wp-content\/uploads\/2023\/03\/1.2-edited-1024x576.jpeg\" alt=\"\" class=\"wp-image-1810\" srcset=\"https:\/\/pjcanindeyu.gov.py\/wp-content\/uploads\/2023\/03\/1.2-edited-1024x576.jpeg 1024w, https:\/\/pjcanindeyu.gov.py\/wp-content\/uploads\/2023\/03\/1.2-edited-300x169.jpeg 300w, https:\/\/pjcanindeyu.gov.py\/wp-content\/uploads\/2023\/03\/1.2-edited-768x432.jpeg 768w, https:\/\/pjcanindeyu.gov.py\/wp-content\/uploads\/2023\/03\/1.2-edited-1536x864.jpeg 1536w, https:\/\/pjcanindeyu.gov.py\/wp-content\/uploads\/2023\/03\/1.2-edited-1280x720.jpeg 1280w, https:\/\/pjcanindeyu.gov.py\/wp-content\/uploads\/2023\/03\/1.2-edited.jpeg 1600w\" sizes=\"auto, (max-width: 1024px) 100vw, 1024px\" \/><\/a><\/figure>\n<\/div><\/div>\n<\/div>\n\n\n\n<div class=\"wp-block-columns galeria is-layout-flex wp-container-core-columns-is-layout-9d6595d7 wp-block-columns-is-layout-flex\">\n<div class=\"wp-block-column is-layout-flow wp-block-column-is-layout-flow\">\n<figure class=\"wp-block-image size-large rounded\"><a href=\"https:\/\/live.staticflickr.com\/65535\/52407870567_8dd0d1d0d6_o.jpg\"><img decoding=\"async\" src=\"https:\/\/live.staticflickr.com\/65535\/52407870567_8dd0d1d0d6_o.jpg\" alt=\"\"\/><\/a><\/figure>\n<\/div>\n\n\n\n<div class=\"wp-block-column is-layout-flow wp-block-column-is-layout-flow\">\n<figure class=\"wp-block-image size-large rounded\"><a href=\"https:\/\/live.staticflickr.com\/65535\/52408370706_5ff16b3437_o.jpg\"><img decoding=\"async\" src=\"https:\/\/live.staticflickr.com\/65535\/52408370706_5ff16b3437_o.jpg\" alt=\"\"\/><\/a><\/figure>\n<\/div>\n\n\n\n<div class=\"wp-block-column is-layout-flow wp-block-column-is-layout-flow\">\n<figure class=\"wp-block-image size-large rounded\"><a href=\"https:\/\/live.staticflickr.com\/65535\/52408370701_1a5aea0a7c_o.jpg\"><img decoding=\"async\" src=\"https:\/\/live.staticflickr.com\/65535\/52408370701_1a5aea0a7c_o.jpg\" alt=\"\"\/><\/a><\/figure>\n<\/div>\n\n\n\n<div class=\"wp-block-column is-layout-flow wp-block-column-is-layout-flow\">\n<figure class=\"wp-block-image size-large rounded\"><a href=\"https:\/\/live.staticflickr.com\/65535\/52408881748_6e1914b06c_o.jpg\"><img decoding=\"async\" src=\"https:\/\/live.staticflickr.com\/65535\/52408881748_6e1914b06c_o.jpg\" alt=\"\"\/><\/a><\/figure>\n<\/div>\n<\/div>\n\n\n\n<p>De la jornada participaron el presidente del Consejo de Administraci\u00f3n de la Circunscripci\u00f3n Judicial de Canindey\u00fa, Abg. Gustavo Br\u00edtez; el vicepresidente Primero, Abg. Carlos Dom\u00ednguez, con el acompa\u00f1amiento el equipo de funcionarios y magistrados de la circunscripci\u00f3n judicial y el coordinador de la Direcci\u00f3n de Cooperaci\u00f3n y Asistencia Jur\u00eddica Internacional, Juan Zaracho.<\/p>\n\n\n\n<p>Cabe mencionar que los resultados aportar\u00e1n informaci\u00f3n relevante al Consejo de Administraci\u00f3n, para el logro de los objetivos propuestos dentro del Plan Operativo Institucional y, en consecuencia, para el fortalecimiento de la instituci\u00f3n judicial.<\/p>\n","protected":false},"excerpt":{"rendered":"<p>El Consejo de Administraci\u00f3n de la Circunscripci\u00f3n Judicial de Canindey\u00fa llev\u00f3 a cabo el martes 04 de octubre una jornada de monitoreo y evaluaci\u00f3n referente a los indicadores sobre transparencia, rendici\u00f3n de cuentas e integridad judicial, en cumplimiento de las pol\u00edticas de buen gobierno impulsadas por la Corte Suprema de [&hellip;]<\/p>\n","protected":false},"author":1,"featured_media":1810,"comment_status":"open","ping_status":"closed","sticky":false,"template":"","format":"standard","meta":{"footnotes":""},"categories":[2],"tags":[],"class_list":["post-844","post","type-post","status-publish","format-standard","has-post-thumbnail","hentry","category-notas"],"_links":{"self":[{"href":"https:\/\/pjcanindeyu.gov.py\/index.php?rest_route=\/wp\/v2\/posts\/844","targetHints":{"allow":["GET"]}}],"collection":[{"href":"https:\/\/pjcanindeyu.gov.py\/index.php?rest_route=\/wp\/v2\/posts"}],"about":[{"href":"https:\/\/pjcanindeyu.gov.py\/index.php?rest_route=\/wp\/v2\/types\/post"}],"author":[{"embeddable":true,"href":"https:\/\/pjcanindeyu.gov.py\/index.php?rest_route=\/wp\/v2\/users\/1"}],"replies":[{"embeddable":true,"href":"https:\/\/pjcanindeyu.gov.py\/index.php?rest_route=%2Fwp%2Fv2%2Fcomments&post=844"}],"version-history":[{"count":1,"href":"https:\/\/pjcanindeyu.gov.py\/index.php?rest_route=\/wp\/v2\/posts\/844\/revisions"}],"predecessor-version":[{"id":2220,"href":"https:\/\/pjcanindeyu.gov.py\/index.php?rest_route=\/wp\/v2\/posts\/844\/revisions\/2220"}],"wp:featuredmedia":[{"embeddable":true,"href":"https:\/\/pjcanindeyu.gov.py\/index.php?rest_route=\/wp\/v2\/media\/1810"}],"wp:attachment":[{"href":"https:\/\/pjcanindeyu.gov.py\/index.php?rest_route=%2Fwp%2Fv2%2Fmedia&parent=844"}],"wp:term":[{"taxonomy":"category","embeddable":true,"href":"https:\/\/pjcanindeyu.gov.py\/index.php?rest_route=%2Fwp%2Fv2%2Fcategories&post=844"},{"taxonomy":"post_tag","embeddable":true,"href":"https:\/\/pjcanindeyu.gov.py\/index.php?rest_route=%2Fwp%2Fv2%2Ftags&post=844"}],"curies":[{"name":"wp","href":"https:\/\/api.w.org\/{rel}","templated":true}]}}