
{"id":857,"date":"2022-10-06T13:42:50","date_gmt":"2022-10-06T13:42:50","guid":{"rendered":"https:\/\/pjcanindeyu.gov.py\/?p=857"},"modified":"2023-05-22T16:39:00","modified_gmt":"2023-05-22T16:39:00","slug":"facilitadores-judiciales-fueron-capacitados-en-canindeyu","status":"publish","type":"post","link":"https:\/\/pjcanindeyu.gov.py\/?p=857","title":{"rendered":"Facilitadores judiciales fueron capacitados en Canindey\u00fa"},"content":{"rendered":"\n<p>El Sistema Nacional de Facilitadores Judiciales realiz\u00f3 jornadas de capacitaci\u00f3n en la Circunscripci\u00f3n Judicial de Canindey\u00fa, en este sentido, los temas desarrollados fueron: Acoso, Maltrato y Abuso Sexual en Ni\u00f1os\/as y Adolescentes, Inscripci\u00f3n de Defunci\u00f3n y Violencia Dom\u00e9stica. Las mismas estuvieron dirigidas a l\u00edderes comunitarios, as\u00ed como tambi\u00e9n a miembros de comunidades ind\u00edgenas, adem\u00e1s se llevaron a cabo difusiones del programa del SNFJ; de manera a que las personas conozcan y puedan acceder al servicio como mecanismo preventivo de resoluci\u00f3n de conflictos.<\/p>\n\n\n\n<div class=\"wp-block-columns galeria is-layout-flex wp-container-core-columns-is-layout-9d6595d7 wp-block-columns-is-layout-flex\">\n<div class=\"wp-block-column is-layout-flow wp-block-column-is-layout-flow\" style=\"flex-basis:100%\">\n<figure class=\"wp-block-image size-full rounded\"><a href=\"https:\/\/pjcanindeyu.gov.py\/wp-content\/uploads\/2023\/03\/06-10-22-633eaebff168a-1.jpg\"><img loading=\"lazy\" decoding=\"async\" width=\"960\" height=\"552\" src=\"https:\/\/pjcanindeyu.gov.py\/wp-content\/uploads\/2023\/03\/06-10-22-633eaebff168a-1.jpg\" alt=\"\" class=\"wp-image-1862\" srcset=\"https:\/\/pjcanindeyu.gov.py\/wp-content\/uploads\/2023\/03\/06-10-22-633eaebff168a-1.jpg 960w, https:\/\/pjcanindeyu.gov.py\/wp-content\/uploads\/2023\/03\/06-10-22-633eaebff168a-1-300x173.jpg 300w, https:\/\/pjcanindeyu.gov.py\/wp-content\/uploads\/2023\/03\/06-10-22-633eaebff168a-1-768x442.jpg 768w\" sizes=\"auto, (max-width: 960px) 100vw, 960px\" \/><\/a><\/figure>\n<\/div>\n<\/div>\n\n\n\n<p>La primera jornada de capacitaci\u00f3n en el Departamento de Canindey\u00fa, se llev\u00f3 a cabo en la localidad de Yas\u00fd Ca\u00f1y, donde el Juez de Paz, Abg. V\u00edctor Mart\u00ednez, explic\u00f3 a los facilitadores judiciales del lugar, sobre Violencia Dom\u00e9stica, Inscripci\u00f3n de Nacimiento y Defunci\u00f3n, por ser situaciones muy recurrentes en la zona.<\/p>\n\n\n\n<p>Sigui\u00f3 la actividad en Villa Ygatim\u00ed, donde la Jueza de Paz, Abg. Gloria Gim\u00e9nez expuso sobre Violencia Dom\u00e9stica, explicando a los facilitadores, en qu\u00e9 consiste dicho flagelo y ante qui\u00e9n o quienes se deben denunciar hechos de esa naturaleza. El mismo tema tambi\u00e9n fue desarrollado en Ypeh\u00fa, por el Juez de Paz Abg. Artemio Mart\u00ednez, debido a la delicada situaci\u00f3n en la que se encuentran los ind\u00edgenas, por el alto \u00edndice de violencia en la comunidad, y les habl\u00f3 acerca de la importancia de llegar a consensos y evitar el choque de liderazgo en sus comunidades.<\/p>\n\n\n\n<p>Luego se desarroll\u00f3 la jornada en la comunidad La Fortuna, de la localidad de Curuguaty, donde el Juez de Paz, Abg. Miguel Riveros, capacit\u00f3 a los facilitadores judiciales sobre Violencia Dom\u00e9stica; en la ocasi\u00f3n, igualmente, se realiz\u00f3 la difusi\u00f3n sobre el Sistema Nacional de Facilitadores Judiciales, que permite a los l\u00edderes comunitarios sean designados facilitadores y puedan ayudar en lo posible en sus comunidades, a evitar conflictos de baja intensidad. La difusi\u00f3n estuvo a cargo de la coordinadora del SNFJ en la citada Circunscripci\u00f3n Judicial, Lic. Mirna Barreto.<\/p>\n\n\n\n<p>En Puerto Adela, la Jueza de Paz, Abg. B\u00e1rbara Peralta capacit\u00f3 a facilitadores judiciales, sobre Violencia Dom\u00e9stica, en Nueva Esperanza, la Jueza de Paz interina, Abg. B\u00e1rbara Peralta tambi\u00e9n lo hizo, pero, en la ocasi\u00f3n el tema tratado fue sobre Drogadicci\u00f3n.<\/p>\n\n\n\n<p>Finalmente, en La Paloma y Puente Kyjh\u00e1, se instruy\u00f3 sobre Violencia Dom\u00e9stica, Maltrato y Abuso en ni\u00f1os\/as y Adolescentes, a cargo del Juez de Paz, Abg. H\u00e9ctor Rub\u00e9n Ayala.<\/p>\n\n\n\n<p><\/p>\n","protected":false},"excerpt":{"rendered":"<p>El Sistema Nacional de Facilitadores Judiciales realiz\u00f3 jornadas de capacitaci\u00f3n en la Circunscripci\u00f3n Judicial de Canindey\u00fa, en este sentido, los temas desarrollados fueron: Acoso, Maltrato y Abuso Sexual en Ni\u00f1os\/as y Adolescentes, Inscripci\u00f3n de Defunci\u00f3n y Violencia Dom\u00e9stica. Las mismas estuvieron dirigidas a l\u00edderes comunitarios, as\u00ed como tambi\u00e9n a miembros [&hellip;]<\/p>\n","protected":false},"author":1,"featured_media":1862,"comment_status":"open","ping_status":"closed","sticky":false,"template":"","format":"standard","meta":{"footnotes":""},"categories":[2],"tags":[],"class_list":["post-857","post","type-post","status-publish","format-standard","has-post-thumbnail","hentry","category-notas"],"_links":{"self":[{"href":"https:\/\/pjcanindeyu.gov.py\/index.php?rest_route=\/wp\/v2\/posts\/857","targetHints":{"allow":["GET"]}}],"collection":[{"href":"https:\/\/pjcanindeyu.gov.py\/index.php?rest_route=\/wp\/v2\/posts"}],"about":[{"href":"https:\/\/pjcanindeyu.gov.py\/index.php?rest_route=\/wp\/v2\/types\/post"}],"author":[{"embeddable":true,"href":"https:\/\/pjcanindeyu.gov.py\/index.php?rest_route=\/wp\/v2\/users\/1"}],"replies":[{"embeddable":true,"href":"https:\/\/pjcanindeyu.gov.py\/index.php?rest_route=%2Fwp%2Fv2%2Fcomments&post=857"}],"version-history":[{"count":1,"href":"https:\/\/pjcanindeyu.gov.py\/index.php?rest_route=\/wp\/v2\/posts\/857\/revisions"}],"predecessor-version":[{"id":2219,"href":"https:\/\/pjcanindeyu.gov.py\/index.php?rest_route=\/wp\/v2\/posts\/857\/revisions\/2219"}],"wp:featuredmedia":[{"embeddable":true,"href":"https:\/\/pjcanindeyu.gov.py\/index.php?rest_route=\/wp\/v2\/media\/1862"}],"wp:attachment":[{"href":"https:\/\/pjcanindeyu.gov.py\/index.php?rest_route=%2Fwp%2Fv2%2Fmedia&parent=857"}],"wp:term":[{"taxonomy":"category","embeddable":true,"href":"https:\/\/pjcanindeyu.gov.py\/index.php?rest_route=%2Fwp%2Fv2%2Fcategories&post=857"},{"taxonomy":"post_tag","embeddable":true,"href":"https:\/\/pjcanindeyu.gov.py\/index.php?rest_route=%2Fwp%2Fv2%2Ftags&post=857"}],"curies":[{"name":"wp","href":"https:\/\/api.w.org\/{rel}","templated":true}]}}