
{"id":860,"date":"2022-10-06T13:52:31","date_gmt":"2022-10-06T13:52:31","guid":{"rendered":"https:\/\/pjcanindeyu.gov.py\/?p=860"},"modified":"2023-05-22T16:42:20","modified_gmt":"2023-05-22T16:42:20","slug":"capacitacion-sobre-propiedad-intelectual-en-salto-del-guaira","status":"publish","type":"post","link":"https:\/\/pjcanindeyu.gov.py\/?p=860","title":{"rendered":"Capacitaci\u00f3n sobre Propiedad Intelectual en Salto del Guair\u00e1"},"content":{"rendered":"\n<p>La Direcci\u00f3n de los Derechos de la Propiedad Intelectual de la Corte Suprema de Justicia, a cargo de la Mag. Mar\u00eda Gabriela Talavera G., encabez\u00f3 la jornada de capacitaci\u00f3n sobre Propiedad Intelectual que se llev\u00f3 a cabo&nbsp;en el Palacio de Justicia de Salto del Guair\u00e1, la cual estuvo dirigida a magistrados, profesionales, funcionarios e interesados en general.<\/p>\n\n\n\n<div class=\"wp-block-columns is-layout-flex wp-container-core-columns-is-layout-9d6595d7 wp-block-columns-is-layout-flex\">\n<div class=\"wp-block-column galeria is-layout-flow wp-block-column-is-layout-flow\">\n<figure class=\"wp-block-image size-large rounded\"><a href=\"https:\/\/pjcanindeyu.gov.py\/wp-content\/uploads\/2023\/03\/4-1-edited.jpeg\"><img loading=\"lazy\" decoding=\"async\" width=\"1024\" height=\"576\" src=\"https:\/\/pjcanindeyu.gov.py\/wp-content\/uploads\/2023\/03\/4-1-edited-1024x576.jpeg\" alt=\"\" class=\"wp-image-1845\" srcset=\"https:\/\/pjcanindeyu.gov.py\/wp-content\/uploads\/2023\/03\/4-1-edited-1024x576.jpeg 1024w, https:\/\/pjcanindeyu.gov.py\/wp-content\/uploads\/2023\/03\/4-1-edited-300x169.jpeg 300w, https:\/\/pjcanindeyu.gov.py\/wp-content\/uploads\/2023\/03\/4-1-edited-768x432.jpeg 768w, https:\/\/pjcanindeyu.gov.py\/wp-content\/uploads\/2023\/03\/4-1-edited.jpeg 1280w\" sizes=\"auto, (max-width: 1024px) 100vw, 1024px\" \/><\/a><\/figure>\n<\/div>\n<\/div>\n\n\n\n<div class=\"wp-block-columns galeria is-layout-flex wp-container-core-columns-is-layout-9d6595d7 wp-block-columns-is-layout-flex\">\n<div class=\"wp-block-column is-layout-flow wp-block-column-is-layout-flow\">\n<figure class=\"wp-block-image size-large rounded\"><a href=\"https:\/\/live.staticflickr.com\/65535\/52419629327_3116db9567_o.jpg\"><img decoding=\"async\" src=\"https:\/\/live.staticflickr.com\/65535\/52419629327_3116db9567_o.jpg\" alt=\"\"\/><\/a><\/figure>\n<\/div>\n\n\n\n<div class=\"wp-block-column is-layout-flow wp-block-column-is-layout-flow\">\n<figure class=\"wp-block-image size-large rounded\"><a href=\"https:\/\/live.staticflickr.com\/65535\/52419629382_0c731303a5_o.jpg\"><img decoding=\"async\" src=\"https:\/\/live.staticflickr.com\/65535\/52419629382_0c731303a5_o.jpg\" alt=\"\"\/><\/a><\/figure>\n<\/div>\n\n\n\n<div class=\"wp-block-column is-layout-flow wp-block-column-is-layout-flow\">\n<figure class=\"wp-block-image size-large rounded\"><a href=\"https:\/\/live.staticflickr.com\/65535\/52420143426_7093659f46_o.jpg\"><img decoding=\"async\" src=\"https:\/\/live.staticflickr.com\/65535\/52420143426_7093659f46_o.jpg\" alt=\"\"\/><\/a><\/figure>\n<\/div>\n\n\n\n<div class=\"wp-block-column galeria is-layout-flow wp-block-column-is-layout-flow\">\n<figure class=\"wp-block-image size-large rounded\"><a href=\"https:\/\/live.staticflickr.com\/65535\/52420650288_c15f818eb7_o.jpg\"><img decoding=\"async\" src=\"https:\/\/live.staticflickr.com\/65535\/52420650288_c15f818eb7_o.jpg\" alt=\"\"\/><\/a><\/figure>\n<\/div>\n<\/div>\n\n\n\n<p>Las palabras de bienvenida, estuvo a cargo del Vicepresidente del Consejo de Administraci\u00f3n de la Circunscripci\u00f3n Judicial de Canindey\u00fa, Abg. Carlos Dom\u00ednguez, quien agradeci\u00f3 a la disertante y a la organizaci\u00f3n por la oportunidad que se brinda a la comunidad jur\u00eddica de adquirir conocimientos en un \u00e1rea muy importante del derecho, que representa el Derecho de la Propiedad Intelectual.<\/p>\n\n\n\n<p>Los puntos principales abordados por la disertente fueron sobre&nbsp;conceptos generales de los&nbsp;derechos de autor y derechos conexos, marcas y otras figuras de la propiedad industrial, infracciones civiles y penales a la propiedad intelectual.<\/p>\n\n\n\n<p>El acceso a la capacitaci\u00f3n fue libre y de manera gratuita para todos los interesados y fue desarrollada en la modalidad presencial y virtual. Adem\u00e1s, al t\u00e9rmino de la jornada se entregaron certificados a los participantes y se obsequiaron materiales de lectura prove\u00eddos por la Mag.&nbsp;Talavera, quien&nbsp;agradeci\u00f3 la presencia y activa participaci\u00f3n de los presentes e inst\u00f3 a asistir a m\u00e1s cursos y capacitaciones.<\/p>\n","protected":false},"excerpt":{"rendered":"<p>La Direcci\u00f3n de los Derechos de la Propiedad Intelectual de la Corte Suprema de Justicia, a cargo de la Mag. Mar\u00eda Gabriela Talavera G., encabez\u00f3 la jornada de capacitaci\u00f3n sobre Propiedad Intelectual que se llev\u00f3 a cabo&nbsp;en el Palacio de Justicia de Salto del Guair\u00e1, la cual estuvo dirigida a [&hellip;]<\/p>\n","protected":false},"author":1,"featured_media":1845,"comment_status":"open","ping_status":"closed","sticky":false,"template":"","format":"standard","meta":{"footnotes":""},"categories":[2],"tags":[],"class_list":["post-860","post","type-post","status-publish","format-standard","has-post-thumbnail","hentry","category-notas"],"_links":{"self":[{"href":"https:\/\/pjcanindeyu.gov.py\/index.php?rest_route=\/wp\/v2\/posts\/860","targetHints":{"allow":["GET"]}}],"collection":[{"href":"https:\/\/pjcanindeyu.gov.py\/index.php?rest_route=\/wp\/v2\/posts"}],"about":[{"href":"https:\/\/pjcanindeyu.gov.py\/index.php?rest_route=\/wp\/v2\/types\/post"}],"author":[{"embeddable":true,"href":"https:\/\/pjcanindeyu.gov.py\/index.php?rest_route=\/wp\/v2\/users\/1"}],"replies":[{"embeddable":true,"href":"https:\/\/pjcanindeyu.gov.py\/index.php?rest_route=%2Fwp%2Fv2%2Fcomments&post=860"}],"version-history":[{"count":1,"href":"https:\/\/pjcanindeyu.gov.py\/index.php?rest_route=\/wp\/v2\/posts\/860\/revisions"}],"predecessor-version":[{"id":2221,"href":"https:\/\/pjcanindeyu.gov.py\/index.php?rest_route=\/wp\/v2\/posts\/860\/revisions\/2221"}],"wp:featuredmedia":[{"embeddable":true,"href":"https:\/\/pjcanindeyu.gov.py\/index.php?rest_route=\/wp\/v2\/media\/1845"}],"wp:attachment":[{"href":"https:\/\/pjcanindeyu.gov.py\/index.php?rest_route=%2Fwp%2Fv2%2Fmedia&parent=860"}],"wp:term":[{"taxonomy":"category","embeddable":true,"href":"https:\/\/pjcanindeyu.gov.py\/index.php?rest_route=%2Fwp%2Fv2%2Fcategories&post=860"},{"taxonomy":"post_tag","embeddable":true,"href":"https:\/\/pjcanindeyu.gov.py\/index.php?rest_route=%2Fwp%2Fv2%2Ftags&post=860"}],"curies":[{"name":"wp","href":"https:\/\/api.w.org\/{rel}","templated":true}]}}