
{"id":864,"date":"2022-10-06T22:01:25","date_gmt":"2022-10-06T22:01:25","guid":{"rendered":"https:\/\/pjcanindeyu.gov.py\/?p=864"},"modified":"2023-05-22T16:44:05","modified_gmt":"2023-05-22T16:44:05","slug":"reunion-interinstitucional-sobre-ninez-y-adolescencia-en-salto-del-guaira","status":"publish","type":"post","link":"https:\/\/pjcanindeyu.gov.py\/?p=864","title":{"rendered":"Reuni\u00f3n interinstitucional sobre Ni\u00f1ez y Adolescencia en Salto del Guair\u00e1"},"content":{"rendered":"\n<p>La Abg. Rut Contrera, Jueza de la Ni\u00f1ez y la Adolescencia de Salto del Guair\u00e1, el Intendente Municipal, Sr. Hector Moran, la Abg. Mariana Vallejos en representaci\u00f3n de la Defensor\u00eda de la Ni\u00f1ez y Adolescencia y las representantes de la CODENI, Abg. Edith Duarte Legal y Zully Br\u00edtez propiciaron una reuni\u00f3n interinstitucional en la municipalidad de Salto del Guair\u00e1.<\/p>\n\n\n\n<div class=\"wp-block-columns galeria is-layout-flex wp-container-core-columns-is-layout-9d6595d7 wp-block-columns-is-layout-flex\">\n<div class=\"wp-block-column is-layout-flow wp-block-column-is-layout-flow\" style=\"flex-basis:100%\">\n<figure class=\"wp-block-image size-large rounded\"><a href=\"https:\/\/pjcanindeyu.gov.py\/wp-content\/uploads\/2023\/03\/WhatsApp-Image-2022-10-06-at-18.29.08-edited.jpeg\" target=\"_blank\" rel=\"noreferrer noopener\"><img loading=\"lazy\" decoding=\"async\" width=\"1024\" height=\"640\" src=\"https:\/\/pjcanindeyu.gov.py\/wp-content\/uploads\/2023\/03\/WhatsApp-Image-2022-10-06-at-18.29.08-edited-1024x640.jpeg\" alt=\"\" class=\"wp-image-1794\" srcset=\"https:\/\/pjcanindeyu.gov.py\/wp-content\/uploads\/2023\/03\/WhatsApp-Image-2022-10-06-at-18.29.08-edited-1024x640.jpeg 1024w, https:\/\/pjcanindeyu.gov.py\/wp-content\/uploads\/2023\/03\/WhatsApp-Image-2022-10-06-at-18.29.08-edited-300x188.jpeg 300w, https:\/\/pjcanindeyu.gov.py\/wp-content\/uploads\/2023\/03\/WhatsApp-Image-2022-10-06-at-18.29.08-edited-768x480.jpeg 768w, https:\/\/pjcanindeyu.gov.py\/wp-content\/uploads\/2023\/03\/WhatsApp-Image-2022-10-06-at-18.29.08-edited.jpeg 1145w\" sizes=\"auto, (max-width: 1024px) 100vw, 1024px\" \/><\/a><\/figure>\n<\/div>\n<\/div>\n\n\n\n<p>La actividad tuvo por finalidad coordinar esfuerzos y acciones a modo de mitigar el flagelo de la explotaci\u00f3n infantil en Salto del Guair\u00e1. Como primera medida se ha resuelto conformar un Consejo Municipal de la Ni\u00f1ez y Adolescencia en cumplimiento a lo estipulado en el Art. 46 de la Ley N\u00b0 1680\/01 \u00abC\u00f3digo de la Ni\u00f1ez y Adolescencia\u00bb.<\/p>\n\n\n\n<p>Se prev\u00e9n futuras reuniones con participaci\u00f3n de otras autoridades e instituciones publicas con la finalidad de que la iniciativa tenga impacto departamental.<\/p>\n","protected":false},"excerpt":{"rendered":"<p>La Abg. Rut Contrera, Jueza de la Ni\u00f1ez y la Adolescencia de Salto del Guair\u00e1, el Intendente Municipal, Sr. Hector Moran, la Abg. Mariana Vallejos en representaci\u00f3n de la Defensor\u00eda de la Ni\u00f1ez y Adolescencia y las representantes de la CODENI, Abg. Edith Duarte Legal y Zully Br\u00edtez propiciaron una reuni\u00f3n interinstitucional en la municipalidad de Salto del Guair\u00e1.<\/p>\n","protected":false},"author":1,"featured_media":1794,"comment_status":"open","ping_status":"closed","sticky":false,"template":"","format":"standard","meta":{"footnotes":""},"categories":[2],"tags":[],"class_list":["post-864","post","type-post","status-publish","format-standard","has-post-thumbnail","hentry","category-notas"],"_links":{"self":[{"href":"https:\/\/pjcanindeyu.gov.py\/index.php?rest_route=\/wp\/v2\/posts\/864","targetHints":{"allow":["GET"]}}],"collection":[{"href":"https:\/\/pjcanindeyu.gov.py\/index.php?rest_route=\/wp\/v2\/posts"}],"about":[{"href":"https:\/\/pjcanindeyu.gov.py\/index.php?rest_route=\/wp\/v2\/types\/post"}],"author":[{"embeddable":true,"href":"https:\/\/pjcanindeyu.gov.py\/index.php?rest_route=\/wp\/v2\/users\/1"}],"replies":[{"embeddable":true,"href":"https:\/\/pjcanindeyu.gov.py\/index.php?rest_route=%2Fwp%2Fv2%2Fcomments&post=864"}],"version-history":[{"count":1,"href":"https:\/\/pjcanindeyu.gov.py\/index.php?rest_route=\/wp\/v2\/posts\/864\/revisions"}],"predecessor-version":[{"id":2222,"href":"https:\/\/pjcanindeyu.gov.py\/index.php?rest_route=\/wp\/v2\/posts\/864\/revisions\/2222"}],"wp:featuredmedia":[{"embeddable":true,"href":"https:\/\/pjcanindeyu.gov.py\/index.php?rest_route=\/wp\/v2\/media\/1794"}],"wp:attachment":[{"href":"https:\/\/pjcanindeyu.gov.py\/index.php?rest_route=%2Fwp%2Fv2%2Fmedia&parent=864"}],"wp:term":[{"taxonomy":"category","embeddable":true,"href":"https:\/\/pjcanindeyu.gov.py\/index.php?rest_route=%2Fwp%2Fv2%2Fcategories&post=864"},{"taxonomy":"post_tag","embeddable":true,"href":"https:\/\/pjcanindeyu.gov.py\/index.php?rest_route=%2Fwp%2Fv2%2Ftags&post=864"}],"curies":[{"name":"wp","href":"https:\/\/api.w.org\/{rel}","templated":true}]}}