
{"id":88,"date":"2022-07-01T16:00:00","date_gmt":"2022-07-01T16:00:00","guid":{"rendered":"https:\/\/pjcanindeyu.gov.py\/?p=88"},"modified":"2023-05-22T16:29:00","modified_gmt":"2023-05-22T16:29:00","slug":"alumnos-de-derecho-de-la-unican-visitaron-sede-judicial","status":"publish","type":"post","link":"https:\/\/pjcanindeyu.gov.py\/?p=88","title":{"rendered":"Alumnos de Derecho de la Unican visitaron sede judicial"},"content":{"rendered":"\n<p>Este jueves 30 de junio alumnos de Derecho de Unican recorrieron las instalaciones de la sede judicial y fueron recibidos por el presidente del Consejo de Administraci\u00f3n de la Circunscripci\u00f3n Judicial de Canindey\u00fa y presidente del Tribunal de Apelaciones Multifuero, Gustavo Br\u00edtez.<\/p>\n\n\n\n<div class=\"wp-block-columns galeria is-layout-flex wp-container-core-columns-is-layout-9d6595d7 wp-block-columns-is-layout-flex\">\n<div class=\"wp-block-column is-layout-flow wp-block-column-is-layout-flow\" style=\"flex-basis:100%\">\n<figure class=\"wp-block-image size-full rounded\"><a href=\"https:\/\/pjcanindeyu.gov.py\/wp-content\/uploads\/2023\/03\/01-07-22-62bf188cbeca8-1.jpg\"><img loading=\"lazy\" decoding=\"async\" width=\"960\" height=\"662\" src=\"https:\/\/pjcanindeyu.gov.py\/wp-content\/uploads\/2023\/03\/01-07-22-62bf188cbeca8-1.jpg\" alt=\"\" class=\"wp-image-1805\" srcset=\"https:\/\/pjcanindeyu.gov.py\/wp-content\/uploads\/2023\/03\/01-07-22-62bf188cbeca8-1.jpg 960w, https:\/\/pjcanindeyu.gov.py\/wp-content\/uploads\/2023\/03\/01-07-22-62bf188cbeca8-1-300x207.jpg 300w, https:\/\/pjcanindeyu.gov.py\/wp-content\/uploads\/2023\/03\/01-07-22-62bf188cbeca8-1-768x530.jpg 768w\" sizes=\"auto, (max-width: 960px) 100vw, 960px\" \/><\/a><\/figure>\n<\/div>\n<\/div>\n\n\n\n<p>Igualmente pudieron charlar con Rut Mart\u00ednez, jueza de la Ni\u00f1ez y la Adolescencia; Santiago N\u00fa\u00f1ez, juez Penal de Garant\u00edas N\u00ba 5; y con los miembros del Tribunal de Sentencia Penal, Sof\u00eda Jim\u00e9nez, Bonifacio Rojas y Hugo Medina.<\/p>\n\n\n\n<p>Por otra parte, visitaron las dependencias de las Oficinas T\u00e9cnica Forense y la Regional de Mesa de Entrada de Los Registros P\u00fablicos.<\/p>\n\n\n\n<p>Durante el recorrido los estudiantes fueron acompa\u00f1ados por el rector de la Universidad, Mariano Adolfo Pacher, y la profesora Mar\u00eda Br\u00edtez.<\/p>\n\n\n\n<p>Fuente: https:\/\/www.pj.gov.py\/notas\/22368-alumnos-de-derecho-de-la-unican-visitaron-sede-judicial <\/p>\n","protected":false},"excerpt":{"rendered":"<p>Este jueves 30 de junio alumnos de Derecho de Unican recorrieron las instalaciones de la sede judicial y fueron recibidos por el presidente del Consejo de Administraci\u00f3n de la Circunscripci\u00f3n Judicial de Canindey\u00fa y presidente del Tribunal de Apelaciones Multifuero, Gustavo Br\u00edtez. Igualmente pudieron charlar con Rut Mart\u00ednez, jueza de [&hellip;]<\/p>\n","protected":false},"author":1,"featured_media":1805,"comment_status":"open","ping_status":"closed","sticky":false,"template":"","format":"standard","meta":{"footnotes":""},"categories":[2],"tags":[],"class_list":["post-88","post","type-post","status-publish","format-standard","has-post-thumbnail","hentry","category-notas"],"_links":{"self":[{"href":"https:\/\/pjcanindeyu.gov.py\/index.php?rest_route=\/wp\/v2\/posts\/88","targetHints":{"allow":["GET"]}}],"collection":[{"href":"https:\/\/pjcanindeyu.gov.py\/index.php?rest_route=\/wp\/v2\/posts"}],"about":[{"href":"https:\/\/pjcanindeyu.gov.py\/index.php?rest_route=\/wp\/v2\/types\/post"}],"author":[{"embeddable":true,"href":"https:\/\/pjcanindeyu.gov.py\/index.php?rest_route=\/wp\/v2\/users\/1"}],"replies":[{"embeddable":true,"href":"https:\/\/pjcanindeyu.gov.py\/index.php?rest_route=%2Fwp%2Fv2%2Fcomments&post=88"}],"version-history":[{"count":1,"href":"https:\/\/pjcanindeyu.gov.py\/index.php?rest_route=\/wp\/v2\/posts\/88\/revisions"}],"predecessor-version":[{"id":2212,"href":"https:\/\/pjcanindeyu.gov.py\/index.php?rest_route=\/wp\/v2\/posts\/88\/revisions\/2212"}],"wp:featuredmedia":[{"embeddable":true,"href":"https:\/\/pjcanindeyu.gov.py\/index.php?rest_route=\/wp\/v2\/media\/1805"}],"wp:attachment":[{"href":"https:\/\/pjcanindeyu.gov.py\/index.php?rest_route=%2Fwp%2Fv2%2Fmedia&parent=88"}],"wp:term":[{"taxonomy":"category","embeddable":true,"href":"https:\/\/pjcanindeyu.gov.py\/index.php?rest_route=%2Fwp%2Fv2%2Fcategories&post=88"},{"taxonomy":"post_tag","embeddable":true,"href":"https:\/\/pjcanindeyu.gov.py\/index.php?rest_route=%2Fwp%2Fv2%2Ftags&post=88"}],"curies":[{"name":"wp","href":"https:\/\/api.w.org\/{rel}","templated":true}]}}