
{"id":976,"date":"2022-10-12T14:31:34","date_gmt":"2022-10-12T14:31:34","guid":{"rendered":"https:\/\/pjcanindeyu.gov.py\/?p=976"},"modified":"2023-05-22T16:56:11","modified_gmt":"2023-05-22T16:56:11","slug":"jornada-de-juicios-orales-en-sede-judicial-de-curuguaty","status":"publish","type":"post","link":"https:\/\/pjcanindeyu.gov.py\/?p=976","title":{"rendered":"Jornada de juicios orales en sede judicial de Curuguaty"},"content":{"rendered":"\n<p>En el marco de la descentralizaci\u00f3n de Juzgamientos Orales y P\u00fablicos, en la fecha, el Tribunal de Sentencia N.\u00ba 2 de Salto del Guair\u00e1 integrado por los magistrados, Bonifacio Zeballos, Hugo Medina y Sof\u00eda Jim\u00e9nez, con el concurso de la actuaria judicial, Abg. Daniela N\u00fa\u00f1ez, se han constituido en la sede Judicial de Curuguaty, para la realizaci\u00f3n de Juicios Orales y P\u00fablicos a fin de facilitar el acceso a la justicia de los ciudadanos de la zona y dar cumplimento a las medidas de mejora para combatir la mora judicial.<\/p>\n\n\n\n<div class=\"wp-block-columns is-layout-flex wp-container-core-columns-is-layout-9d6595d7 wp-block-columns-is-layout-flex\">\n<div class=\"wp-block-column galeria is-layout-flow wp-block-column-is-layout-flow\">\n<figure class=\"wp-block-image size-large rounded\"><a href=\"https:\/\/pjcanindeyu.gov.py\/wp-content\/uploads\/2023\/03\/0.jpg\"><img loading=\"lazy\" decoding=\"async\" width=\"1024\" height=\"709\" src=\"https:\/\/pjcanindeyu.gov.py\/wp-content\/uploads\/2023\/03\/0-1024x709.jpg\" alt=\"\" class=\"wp-image-1798\" title=\"Juicio Oral en Sede Judicial de  Curuguaty\" srcset=\"https:\/\/pjcanindeyu.gov.py\/wp-content\/uploads\/2023\/03\/0-1024x709.jpg 1024w, https:\/\/pjcanindeyu.gov.py\/wp-content\/uploads\/2023\/03\/0-300x208.jpg 300w, https:\/\/pjcanindeyu.gov.py\/wp-content\/uploads\/2023\/03\/0-768x532.jpg 768w, https:\/\/pjcanindeyu.gov.py\/wp-content\/uploads\/2023\/03\/0-1536x1064.jpg 1536w, https:\/\/pjcanindeyu.gov.py\/wp-content\/uploads\/2023\/03\/0.jpg 1600w\" sizes=\"auto, (max-width: 1024px) 100vw, 1024px\" \/><\/a><\/figure>\n<\/div>\n<\/div>\n\n\n\n<div class=\"wp-block-columns galeria is-layout-flex wp-container-core-columns-is-layout-9d6595d7 wp-block-columns-is-layout-flex\">\n<div class=\"wp-block-column is-layout-flow wp-block-column-is-layout-flow\">\n<figure class=\"wp-block-image size-large rounded\"><a href=\"https:\/\/live.staticflickr.com\/65535\/52423213153_cc5122ba4c_o.jpg\"><img decoding=\"async\" src=\"https:\/\/live.staticflickr.com\/65535\/52423213153_cc5122ba4c_o.jpg\" alt=\"\"\/><\/a><\/figure>\n<\/div>\n\n\n\n<div class=\"wp-block-column is-layout-flow wp-block-column-is-layout-flow\">\n<figure class=\"wp-block-image size-large rounded\"><a href=\"https:\/\/live.staticflickr.com\/65535\/52422693926_c0ab3d243a_o.jpg\"><img decoding=\"async\" src=\"https:\/\/live.staticflickr.com\/65535\/52422693926_c0ab3d243a_o.jpg\" alt=\"\"\/><\/a><\/figure>\n<\/div>\n\n\n\n<div class=\"wp-block-column is-layout-flow wp-block-column-is-layout-flow\">\n<figure class=\"wp-block-image size-large rounded\"><a href=\"https:\/\/live.staticflickr.com\/65535\/52422693886_9f31fc9369_o.jpg\"><img decoding=\"async\" src=\"https:\/\/live.staticflickr.com\/65535\/52422693886_9f31fc9369_o.jpg\" alt=\"\"\/><\/a><\/figure>\n<\/div>\n\n\n\n<div class=\"wp-block-column is-layout-flow wp-block-column-is-layout-flow\">\n<figure class=\"wp-block-image size-large rounded\"><a href=\"https:\/\/live.staticflickr.com\/65535\/52422693871_362d0bae5f_o.jpg\"><img decoding=\"async\" src=\"https:\/\/live.staticflickr.com\/65535\/52422693871_362d0bae5f_o.jpg\" alt=\"\"\/><\/a><\/figure>\n<\/div>\n<\/div>\n\n\n\n<p>Las audiencias se realizan con el soporte de equipamientos inform\u00e1ticos, que facilitan la intervenci\u00f3n de las partes de manera virtual, a trav\u00e9s de modernos medios telem\u00e1ticos instalados en las distintas sedes judiciales de la Circunscripci\u00f3n.<\/p>\n","protected":false},"excerpt":{"rendered":"<p>En el marco de la descentralizaci\u00f3n de Juzgamientos Orales y P\u00fablicos, en la fecha, el Tribunal de Sentencia N.\u00ba 2 de Salto del Guair\u00e1 integrado por los magistrados, Bonifacio Zeballos, Hugo Medina y Sof\u00eda Jim\u00e9nez, con el concurso de la actuaria judicial, Abg. Daniela N\u00fa\u00f1ez, se han constituido en la [&hellip;]<\/p>\n","protected":false},"author":1,"featured_media":1798,"comment_status":"closed","ping_status":"closed","sticky":false,"template":"","format":"standard","meta":{"footnotes":""},"categories":[2],"tags":[],"class_list":["post-976","post","type-post","status-publish","format-standard","has-post-thumbnail","hentry","category-notas"],"_links":{"self":[{"href":"https:\/\/pjcanindeyu.gov.py\/index.php?rest_route=\/wp\/v2\/posts\/976","targetHints":{"allow":["GET"]}}],"collection":[{"href":"https:\/\/pjcanindeyu.gov.py\/index.php?rest_route=\/wp\/v2\/posts"}],"about":[{"href":"https:\/\/pjcanindeyu.gov.py\/index.php?rest_route=\/wp\/v2\/types\/post"}],"author":[{"embeddable":true,"href":"https:\/\/pjcanindeyu.gov.py\/index.php?rest_route=\/wp\/v2\/users\/1"}],"replies":[{"embeddable":true,"href":"https:\/\/pjcanindeyu.gov.py\/index.php?rest_route=%2Fwp%2Fv2%2Fcomments&post=976"}],"version-history":[{"count":2,"href":"https:\/\/pjcanindeyu.gov.py\/index.php?rest_route=\/wp\/v2\/posts\/976\/revisions"}],"predecessor-version":[{"id":2226,"href":"https:\/\/pjcanindeyu.gov.py\/index.php?rest_route=\/wp\/v2\/posts\/976\/revisions\/2226"}],"wp:featuredmedia":[{"embeddable":true,"href":"https:\/\/pjcanindeyu.gov.py\/index.php?rest_route=\/wp\/v2\/media\/1798"}],"wp:attachment":[{"href":"https:\/\/pjcanindeyu.gov.py\/index.php?rest_route=%2Fwp%2Fv2%2Fmedia&parent=976"}],"wp:term":[{"taxonomy":"category","embeddable":true,"href":"https:\/\/pjcanindeyu.gov.py\/index.php?rest_route=%2Fwp%2Fv2%2Fcategories&post=976"},{"taxonomy":"post_tag","embeddable":true,"href":"https:\/\/pjcanindeyu.gov.py\/index.php?rest_route=%2Fwp%2Fv2%2Ftags&post=976"}],"curies":[{"name":"wp","href":"https:\/\/api.w.org\/{rel}","templated":true}]}}