{"id":8843,"date":"2026-08-26T08:55:51","date_gmt":"2026-08-26T11:55:51","guid":{"rendered":"https:\/\/pjcanindeyu.gov.py\/v1\/?p=8843"},"modified":"2026-09-03T10:00:11","modified_gmt":"2026-09-03T13:00:11","slug":"juez-de-paz-imparte-charla-sobre-prevencion-de-la-trata-de-personas-en-francisco-caballero-alvarez","status":"publish","type":"post","link":"https:\/\/pjcanindeyu.gov.py\/v1\/2026\/08\/26\/juez-de-paz-imparte-charla-sobre-prevencion-de-la-trata-de-personas-en-francisco-caballero-alvarez\/","title":{"rendered":"Juez de Paz imparte charla sobre prevenci\u00f3n de la trata de personas en Francisco Caballero \u00c1lvarez"},"content":{"rendered":"\n<p class=\"wp-block-paragraph\">El Juez de Paz, Abg. H\u00e9ctor Ayala, dict\u00f3 una charla educativa sobre prevenci\u00f3n de la trata de personas en el Colegio Nacional Mcal. Francisco Solano L\u00f3pez, de la ciudad de Francisco Caballero \u00c1lvarez. La jornada estuvo dirigida a estudiantes de la Educaci\u00f3n Escolar B\u00e1sica y del Nivel Medio. Durante el encuentro, se proyect\u00f3 el cortometraje \u00abEl precio del pasaje\u00bb, material utilizado como disparador tem\u00e1tico para sensibilizar a los alumnos sobre las din\u00e1micas de este delito y la importancia de la prevenci\u00f3n.<\/p>\n\n\n\n<p class=\"wp-block-paragraph\">Con este tipo de actividades, el Poder Judicial reafirma su compromiso con el acercamiento a la comunidad educativa y la concienciaci\u00f3n social para la protecci\u00f3n de ni\u00f1os, ni\u00f1as y adolescentes.<\/p>\n\n\n\n<figure class=\"wp-block-gallery has-nested-images columns-default is-cropped galeria wp-block-gallery-1 is-layout-flex wp-block-gallery-is-layout-flex\">\n<figure class=\"wp-block-image size-large\"><a href=\"https:\/\/pjcanindeyu.gov.py\/v1\/wp-content\/uploads\/2026\/08\/Charla-Hector-1.jpeg\"><img loading=\"lazy\" decoding=\"async\" width=\"1024\" height=\"768\" data-id=\"8846\" src=\"https:\/\/pjcanindeyu.gov.py\/v1\/wp-content\/uploads\/2026\/08\/Charla-Hector-1-1024x768.jpeg\" alt=\"\" class=\"wp-image-8846\" srcset=\"https:\/\/pjcanindeyu.gov.py\/v1\/wp-content\/uploads\/2026\/08\/Charla-Hector-1-1024x768.jpeg 1024w, https:\/\/pjcanindeyu.gov.py\/v1\/wp-content\/uploads\/2026\/08\/Charla-Hector-1-300x225.jpeg 300w, https:\/\/pjcanindeyu.gov.py\/v1\/wp-content\/uploads\/2026\/08\/Charla-Hector-1-768x576.jpeg 768w, https:\/\/pjcanindeyu.gov.py\/v1\/wp-content\/uploads\/2026\/08\/Charla-Hector-1-1536x1152.jpeg 1536w, https:\/\/pjcanindeyu.gov.py\/v1\/wp-content\/uploads\/2026\/08\/Charla-Hector-1.jpeg 1600w\" sizes=\"auto, (max-width: 1024px) 100vw, 1024px\" \/><\/a><\/figure>\n\n\n\n<figure class=\"wp-block-image size-large\"><a href=\"https:\/\/pjcanindeyu.gov.py\/v1\/wp-content\/uploads\/2026\/08\/Charla-Hector-2.jpeg\"><img loading=\"lazy\" decoding=\"async\" width=\"1024\" height=\"768\" data-id=\"8847\" src=\"https:\/\/pjcanindeyu.gov.py\/v1\/wp-content\/uploads\/2026\/08\/Charla-Hector-2-1024x768.jpeg\" alt=\"\" class=\"wp-image-8847\" srcset=\"https:\/\/pjcanindeyu.gov.py\/v1\/wp-content\/uploads\/2026\/08\/Charla-Hector-2-1024x768.jpeg 1024w, https:\/\/pjcanindeyu.gov.py\/v1\/wp-content\/uploads\/2026\/08\/Charla-Hector-2-300x225.jpeg 300w, https:\/\/pjcanindeyu.gov.py\/v1\/wp-content\/uploads\/2026\/08\/Charla-Hector-2-768x576.jpeg 768w, https:\/\/pjcanindeyu.gov.py\/v1\/wp-content\/uploads\/2026\/08\/Charla-Hector-2-1536x1152.jpeg 1536w, https:\/\/pjcanindeyu.gov.py\/v1\/wp-content\/uploads\/2026\/08\/Charla-Hector-2.jpeg 1600w\" sizes=\"auto, (max-width: 1024px) 100vw, 1024px\" \/><\/a><\/figure>\n\n\n\n<figure class=\"wp-block-image size-large\"><a href=\"https:\/\/pjcanindeyu.gov.py\/v1\/wp-content\/uploads\/2026\/08\/Charla-Hector-3.jpeg\"><img loading=\"lazy\" decoding=\"async\" width=\"1024\" height=\"576\" data-id=\"8848\" src=\"https:\/\/pjcanindeyu.gov.py\/v1\/wp-content\/uploads\/2026\/08\/Charla-Hector-3-1024x576.jpeg\" alt=\"\" class=\"wp-image-8848\" srcset=\"https:\/\/pjcanindeyu.gov.py\/v1\/wp-content\/uploads\/2026\/08\/Charla-Hector-3-1024x576.jpeg 1024w, https:\/\/pjcanindeyu.gov.py\/v1\/wp-content\/uploads\/2026\/08\/Charla-Hector-3-300x169.jpeg 300w, https:\/\/pjcanindeyu.gov.py\/v1\/wp-content\/uploads\/2026\/08\/Charla-Hector-3-1280x720.jpeg 1280w, https:\/\/pjcanindeyu.gov.py\/v1\/wp-content\/uploads\/2026\/08\/Charla-Hector-3-1536x864.jpeg 1536w, https:\/\/pjcanindeyu.gov.py\/v1\/wp-content\/uploads\/2026\/08\/Charla-Hector-3-767x431.jpeg 767w, https:\/\/pjcanindeyu.gov.py\/v1\/wp-content\/uploads\/2026\/08\/Charla-Hector-3.jpeg 1599w\" sizes=\"auto, (max-width: 1024px) 100vw, 1024px\" \/><\/a><\/figure>\n\n\n\n<figure class=\"wp-block-image size-large\"><a href=\"https:\/\/pjcanindeyu.gov.py\/v1\/wp-content\/uploads\/2026\/08\/Charla-Hector-4.1.jpeg\"><img loading=\"lazy\" decoding=\"async\" width=\"1024\" height=\"576\" data-id=\"8849\" src=\"https:\/\/pjcanindeyu.gov.py\/v1\/wp-content\/uploads\/2026\/08\/Charla-Hector-4.1-1024x576.jpeg\" alt=\"\" class=\"wp-image-8849\" srcset=\"https:\/\/pjcanindeyu.gov.py\/v1\/wp-content\/uploads\/2026\/08\/Charla-Hector-4.1-1024x576.jpeg 1024w, https:\/\/pjcanindeyu.gov.py\/v1\/wp-content\/uploads\/2026\/08\/Charla-Hector-4.1-300x169.jpeg 300w, https:\/\/pjcanindeyu.gov.py\/v1\/wp-content\/uploads\/2026\/08\/Charla-Hector-4.1-767x431.jpeg 767w, https:\/\/pjcanindeyu.gov.py\/v1\/wp-content\/uploads\/2026\/08\/Charla-Hector-4.1-1536x864.jpeg 1536w, https:\/\/pjcanindeyu.gov.py\/v1\/wp-content\/uploads\/2026\/08\/Charla-Hector-4.1-1280x720.jpeg 1280w, https:\/\/pjcanindeyu.gov.py\/v1\/wp-content\/uploads\/2026\/08\/Charla-Hector-4.1.jpeg 1599w\" sizes=\"auto, (max-width: 1024px) 100vw, 1024px\" \/><\/a><\/figure>\n<\/figure>\n","protected":false},"excerpt":{"rendered":"<p>El Juez de Paz, Abg. H\u00e9ctor Ayala, dict\u00f3 una charla educativa sobre prevenci\u00f3n de la trata de personas en el Colegio Nacional Mcal. Francisco Solano L\u00f3pez, de la ciudad de Francisco Caballero \u00c1lvarez. La jornada estuvo dirigida a estudiantes de la Educaci\u00f3n Escolar B\u00e1sica y del Nivel Medio. Durante el [&hellip;]<\/p>\n","protected":false},"author":2,"featured_media":8847,"comment_status":"open","ping_status":"open","sticky":false,"template":"","format":"standard","meta":{"footnotes":""},"categories":[4],"tags":[],"class_list":["post-8843","post","type-post","status-publish","format-standard","has-post-thumbnail","hentry","category-notas"],"_links":{"self":[{"href":"https:\/\/pjcanindeyu.gov.py\/v1\/wp-json\/wp\/v2\/posts\/8843","targetHints":{"allow":["GET"]}}],"collection":[{"href":"https:\/\/pjcanindeyu.gov.py\/v1\/wp-json\/wp\/v2\/posts"}],"about":[{"href":"https:\/\/pjcanindeyu.gov.py\/v1\/wp-json\/wp\/v2\/types\/post"}],"author":[{"embeddable":true,"href":"https:\/\/pjcanindeyu.gov.py\/v1\/wp-json\/wp\/v2\/users\/2"}],"replies":[{"embeddable":true,"href":"https:\/\/pjcanindeyu.gov.py\/v1\/wp-json\/wp\/v2\/comments?post=8843"}],"version-history":[{"count":1,"href":"https:\/\/pjcanindeyu.gov.py\/v1\/wp-json\/wp\/v2\/posts\/8843\/revisions"}],"predecessor-version":[{"id":8850,"href":"https:\/\/pjcanindeyu.gov.py\/v1\/wp-json\/wp\/v2\/posts\/8843\/revisions\/8850"}],"wp:featuredmedia":[{"embeddable":true,"href":"https:\/\/pjcanindeyu.gov.py\/v1\/wp-json\/wp\/v2\/media\/8847"}],"wp:attachment":[{"href":"https:\/\/pjcanindeyu.gov.py\/v1\/wp-json\/wp\/v2\/media?parent=8843"}],"wp:term":[{"taxonomy":"category","embeddable":true,"href":"https:\/\/pjcanindeyu.gov.py\/v1\/wp-json\/wp\/v2\/categories?post=8843"},{"taxonomy":"post_tag","embeddable":true,"href":"https:\/\/pjcanindeyu.gov.py\/v1\/wp-json\/wp\/v2\/tags?post=8843"}],"curies":[{"name":"wp","href":"https:\/\/api.w.org\/{rel}","templated":true}]}}